{"id":1211,"date":"2020-04-05T21:15:27","date_gmt":"2020-04-05T19:15:27","guid":{"rendered":"https:\/\/dev-eb2.abraxis-kassel.de\/?p=1211"},"modified":"2021-01-31T22:07:35","modified_gmt":"2021-01-31T20:07:35","slug":"europaische-burgerbegegnung-auf-2021-verschoben","status":"publish","type":"post","link":"https:\/\/kassel-ebb.eu\/de\/2020\/04\/europaische-burgerbegegnung-auf-2021-verschoben\/","title":{"rendered":"Europ\u00e4ische B\u00fcrgerbegegnung auf 2021 verschoben"},"content":{"rendered":"\n<p>Die Corona-Krise hat uns alle in Europa und der Welt erfasst. Wir hoffen, dass es Ihnen gut geht. Bleiben Sie gesund!<\/p>\n\n\n\n<p>Wegen der Corona-Krise haben wir beschlossen, die 2. Europ\u00e4ische B\u00fcrgerbegegnung (EBB), die f\u00fcr den 17. bis 20.9.2020 in Kassel geplant war, in das kommende Jahr 2021 zu verschieben. Wir werden sie auf jeden Fall durchf\u00fchren. Den genauen Termin geben wir noch bekannt. Das 3. Gro\u00dfe Vorbereitungstreffen am 21.04. wird ebenfalls auf einen sp\u00e4teren Zeitpunkt verschoben.<\/p>\n\n\n\n<p>Die Homepage wird selbstverst\u00e4ndlich aktualisiert weitergef\u00fchrt und Sie sind herzlich dazu eingeladen, sich so weiterhin auf dem Laufenden zu halten.<\/p>\n\n\n\n<p>Selbstverst\u00e4ndlich stehen wir Ihnen, wie auch bisher, f\u00fcr alle R\u00fcckfragen gerne <a href=\"https:\/\/kassel-ebb.eu\/?page_id=555&amp;lang=de\">zur Verf\u00fcgung<\/a>.<\/p>\n\n\n\n<p>An allen bisher geplanten Projekten und <a href=\"https:\/\/kassel-ebb.eu\/?page_id=422&amp;lang=de\">Workshops<\/a> m\u00f6chten wir festhalten und dar\u00fcber hinaus weitere dazu gewinnen.<\/p>\n\n\n\n<p>Die zeitliche Verschiebung in das Jahr 2021 er\u00f6ffnet uns insofern die M\u00f6glichkeit der (Weiter-)Entwicklung der 2. EBB in Vorbereitung und Durchf\u00fchrung, weshalb wir in diesem Zusammenhang zuversichtlich nach vorn blicken. Gerade jetzt in der Corona-Krise zeigt sich nachdr\u00fccklich, dass Europa viel st\u00e4rker zusammenr\u00fccken und Solidarit\u00e4t zeigen muss. Dazu wollen wir beitragen!<\/p>\n","protected":false},"excerpt":{"rendered":"<p>Die Corona-Krise hat uns alle in Europa und der Welt erfasst. Wir hoffen, dass es Ihnen gut geht. Bleiben Sie gesund! Wegen der Corona-Krise haben wir beschlossen, die 2. Europ\u00e4ische B\u00fcrgerbegegnung (EBB), die f\u00fcr den 17. bis 20.9.2020 in Kassel geplant war, in das kommende Jahr 2021 zu verschieben. Wir werden sie auf jeden Fall [&hellip;]<\/p>\n","protected":false},"author":1,"featured_media":0,"comment_status":"closed","ping_status":"closed","sticky":false,"template":"","format":"standard","meta":{"footnotes":""},"categories":[30],"tags":[],"class_list":["post-1211","post","type-post","status-publish","format-standard","hentry","category-aktuelles"],"_links":{"self":[{"href":"https:\/\/kassel-ebb.eu\/wp-json\/wp\/v2\/posts\/1211","targetHints":{"allow":["GET"]}}],"collection":[{"href":"https:\/\/kassel-ebb.eu\/wp-json\/wp\/v2\/posts"}],"about":[{"href":"https:\/\/kassel-ebb.eu\/wp-json\/wp\/v2\/types\/post"}],"author":[{"embeddable":true,"href":"https:\/\/kassel-ebb.eu\/wp-json\/wp\/v2\/users\/1"}],"replies":[{"embeddable":true,"href":"https:\/\/kassel-ebb.eu\/wp-json\/wp\/v2\/comments?post=1211"}],"version-history":[{"count":0,"href":"https:\/\/kassel-ebb.eu\/wp-json\/wp\/v2\/posts\/1211\/revisions"}],"wp:attachment":[{"href":"https:\/\/kassel-ebb.eu\/wp-json\/wp\/v2\/media?parent=1211"}],"wp:term":[{"taxonomy":"category","embeddable":true,"href":"https:\/\/kassel-ebb.eu\/wp-json\/wp\/v2\/categories?post=1211"},{"taxonomy":"post_tag","embeddable":true,"href":"https:\/\/kassel-ebb.eu\/wp-json\/wp\/v2\/tags?post=1211"}],"curies":[{"name":"wp","href":"https:\/\/api.w.org\/{rel}","templated":true}]}}