{"id":749,"date":"2020-01-01T11:27:00","date_gmt":"2020-01-01T09:27:00","guid":{"rendered":"https:\/\/dev-eb2.abraxis-kassel.de\/?p=749"},"modified":"2021-01-31T22:07:35","modified_gmt":"2021-01-31T20:07:35","slug":"2-groses-vorbereitungstreffen-14-01-2020","status":"publish","type":"post","link":"https:\/\/kassel-ebb.eu\/de\/2020\/01\/2-groses-vorbereitungstreffen-14-01-2020\/","title":{"rendered":"2. Gro\u00dfes Vorbereitungstreffen 14.01.2020"},"content":{"rendered":"\n<p>Viel hat sich getan seit unserer Kick-Off Veranstaltung am \n29.10.2019. Dort haben wir gemerkt, dass wir mit der EBB einen Nerv der \nZeit treffen.<\/p>\n\n\n\n<p><strong>Deshalb laden wir alle B\u00fcrgerinnen und B\u00fcrger der Stadt und \ndes Landkreises ins Stadtteilzentrum Vorderer Westen am Dienstag \n14.01.2020 um 19 Uhr ein!<\/strong><\/p>\n\n\n\n<p><br>Wir M\u00f6chten bei dieser zweiten \u00f6ffentlichen Veranstaltung \u00fcber \nden aktuellen Stand der Dinge informieren und wiederum die M\u00f6glichkeit \nbieten, sich aktiv bei der Gestaltung der EBB einzubringen.<br>Bei \ndiesem Treffen wird es speziell darum gehen, weitere M\u00f6glichkeiten und \nWege zu finden, um EU-B\u00fcrgerinnen und EU-B\u00fcrger zu begeistern und davon \nzu \u00fcberzeugen, im September 2020 nach Kassel zu kommen. <br>Ein \nSchwerpunkt wird das Vorstellen der bereits angemeldeten Workshops sein,\n ein weiterer, den Gesamt\u00fcberblick \u00fcber den aktuellen Planungsstand zu \ngeben und schlie\u00dflich auch das Werben um Gastfamilien und Sprach-mittler\n (Dolmetscher). <\/p>\n\n\n\n<p>Unser Ziel ist es, Menschen aus Europa zusammenbringen, damit sie \nsich kennen und sch\u00e4tzen lernen, damit Vorurteile abgebaut werden. Nur \nin der pers\u00f6nlichen Begegnung kann Europa \u2013 und seine kulturelle \nVielfalt \u2013 erfahrbar gemacht werden.<\/p>\n\n\n\n<p><br>Wir d\u00fcrfen bereits auf die Unterst\u00fctzung von engagierten \nMitb\u00fcrgern, Unternehmen und Organisationen z\u00e4hlen, dennoch gilt nach wie\n vor:<br><\/p>\n\n\n\n<p><strong>Europa braucht uns alle! Wir freuen uns auf Sie!<\/strong><\/p>\n","protected":false},"excerpt":{"rendered":"<p>Viel hat sich getan seit unserer Kick-Off Veranstaltung am 29.10.2019. Dort haben wir gemerkt, dass wir mit der EBB einen Nerv der Zeit treffen. Deshalb laden wir alle B\u00fcrgerinnen und B\u00fcrger der Stadt und des Landkreises ins Stadtteilzentrum Vorderer Westen am Dienstag 14.01.2020 um 19 Uhr ein! Wir M\u00f6chten bei dieser zweiten \u00f6ffentlichen Veranstaltung \u00fcber [&hellip;]<\/p>\n","protected":false},"author":3,"featured_media":0,"comment_status":"closed","ping_status":"closed","sticky":false,"template":"","format":"standard","meta":{"footnotes":""},"categories":[30],"tags":[],"class_list":["post-749","post","type-post","status-publish","format-standard","hentry","category-aktuelles"],"_links":{"self":[{"href":"https:\/\/kassel-ebb.eu\/de\/wp-json\/wp\/v2\/posts\/749","targetHints":{"allow":["GET"]}}],"collection":[{"href":"https:\/\/kassel-ebb.eu\/de\/wp-json\/wp\/v2\/posts"}],"about":[{"href":"https:\/\/kassel-ebb.eu\/de\/wp-json\/wp\/v2\/types\/post"}],"author":[{"embeddable":true,"href":"https:\/\/kassel-ebb.eu\/de\/wp-json\/wp\/v2\/users\/3"}],"replies":[{"embeddable":true,"href":"https:\/\/kassel-ebb.eu\/de\/wp-json\/wp\/v2\/comments?post=749"}],"version-history":[{"count":0,"href":"https:\/\/kassel-ebb.eu\/de\/wp-json\/wp\/v2\/posts\/749\/revisions"}],"wp:attachment":[{"href":"https:\/\/kassel-ebb.eu\/de\/wp-json\/wp\/v2\/media?parent=749"}],"wp:term":[{"taxonomy":"category","embeddable":true,"href":"https:\/\/kassel-ebb.eu\/de\/wp-json\/wp\/v2\/categories?post=749"},{"taxonomy":"post_tag","embeddable":true,"href":"https:\/\/kassel-ebb.eu\/de\/wp-json\/wp\/v2\/tags?post=749"}],"curies":[{"name":"wp","href":"https:\/\/api.w.org\/{rel}","templated":true}]}}