{"id":5683,"date":"2022-03-10T16:09:11","date_gmt":"2022-03-10T14:09:11","guid":{"rendered":"https:\/\/dev-eb2.abraxis-kassel.de\/13-04-2022-stand-with-ukraine\/"},"modified":"2026-04-13T22:16:26","modified_gmt":"2026-04-13T20:16:26","slug":"13-04-2022-stand-with-ukraine","status":"publish","type":"post","link":"https:\/\/kassel-ebb.eu\/de\/2022\/03\/13-04-2022-stand-with-ukraine\/","title":{"rendered":"13.04.2022 #Stand with Ukraine"},"content":{"rendered":"\n<p>English Version below<\/p>\n\n<p>Liebe Europ\u00e4erinnen und Europ\u00e4er,<br\/><br\/>wir rufen Euch auf: <strong>Kommt <\/strong>am <strong>Sonntag,<\/strong> den<strong> 13.3.2022 <\/strong>um <strong>14 Uhr <\/strong>wieder vor das<strong> Kasseler Rathaus!<\/strong><br\/>Nach dem gro\u00dfen Erfolg unserer ersten Kundgebung am 27.2.2022 mit ca. <strong>1.000 Teilnehmenden<\/strong> wollen wir wieder ein Zeichen setzen f\u00fcr den Frieden und gegen den fortgesetzten Angriffskrieg der Putin-Diktatur. Jetzt geht es vor allem darum, wie wir den Menschen in der Ukraine und den Gefl\u00fcchteten hier helfen k\u00f6nnen.<br\/>Dar\u00fcber werden sprechen <strong><em>Viktor Buryachok<\/em><\/strong> von der Ukrainischen Community in Kassel, <strong><em>Stefan Kr\u00f6nung <\/em><\/strong>vom Malteser Auslandsdienst und <strong><em>Ilona Friedrich,<\/em><\/strong> die B\u00fcrgermeisterin und Sozialdezernentin der Stadt Kassel.<br\/>Die Kundgebung ist ein <strong>B\u00fcrgerforum.<\/strong> Die Teilnehmenden k\u00f6nnen Fragen stellen, Hilfsangebote und Vorschl\u00e4ge machen und ihre Meinung \u00e4u\u00dfern.<br\/>Bitte kommt alle. Bringt Eure Familien, Freund:innen, Nachbarn und Bekannte mit. Verbreitet den Aufruf \u00fcber Eure Kan\u00e4le: <a href=\"http:\/\/www.facebook.com\/events\/349275676947658\/\">www.facebook.com\/events\/349275676947658\/<\/a> Wir bauen auf Euch. Wir freuen uns auf Euch. Die Ukrainer:innen brauchen uns!<\/p>\n\n<p>Dear Europeans,<\/p>\n\n<p>we call upon you: Come again on Sunday, 13 March 2022 at 2 p.m. in front of Kassel City Hall!<br\/>After the great success of our first rally on 27 February 2022 with about 1,000 participants, we want to set a sign again for peace and against the continued war of aggression of the Putin dictatorship. The main issue now is how we can help the people in Ukraine and the refugees here.<br\/>Viktor Buryachok from the Ukrainian Community in Kassel, Stefan Kr\u00f6nung from the Malteser Auslandsdienst and Ilona Friedrich, the mayor and head of the social department of the city of Kassel, will speak about this.<br\/>The rally is a citizens&#8216; forum. Participants can ask questions, make offers of help and suggestions and express their opinions.<br\/>Please come, everyone. Bring your families, friends, neighbours and acquaintances. Spread the call through your channels: www.facebook.com\/events\/349275676947658\/ We are counting on you. We are looking forward to you. The Ukrainians need us!<\/p>\n","protected":false},"excerpt":{"rendered":"<p>English Version below Liebe Europ\u00e4erinnen und Europ\u00e4er, wir rufen Euch auf: Kommt am Sonntag, den 13.3.2022 um 14 Uhr wieder vor das Kasseler Rathaus!Nach dem gro\u00dfen Erfolg unserer ersten Kundgebung am 27.2.2022 mit ca. 1.000 Teilnehmenden wollen wir wieder ein Zeichen setzen f\u00fcr den Frieden und gegen den fortgesetzten Angriffskrieg der Putin-Diktatur. Jetzt geht es [&hellip;]<\/p>\n","protected":false},"author":2,"featured_media":0,"comment_status":"closed","ping_status":"closed","sticky":false,"template":"","format":"standard","meta":{"footnotes":""},"categories":[30],"tags":[],"class_list":["post-5683","post","type-post","status-publish","format-standard","hentry","category-aktuelles"],"_links":{"self":[{"href":"https:\/\/kassel-ebb.eu\/de\/wp-json\/wp\/v2\/posts\/5683","targetHints":{"allow":["GET"]}}],"collection":[{"href":"https:\/\/kassel-ebb.eu\/de\/wp-json\/wp\/v2\/posts"}],"about":[{"href":"https:\/\/kassel-ebb.eu\/de\/wp-json\/wp\/v2\/types\/post"}],"author":[{"embeddable":true,"href":"https:\/\/kassel-ebb.eu\/de\/wp-json\/wp\/v2\/users\/2"}],"replies":[{"embeddable":true,"href":"https:\/\/kassel-ebb.eu\/de\/wp-json\/wp\/v2\/comments?post=5683"}],"version-history":[{"count":0,"href":"https:\/\/kassel-ebb.eu\/de\/wp-json\/wp\/v2\/posts\/5683\/revisions"}],"wp:attachment":[{"href":"https:\/\/kassel-ebb.eu\/de\/wp-json\/wp\/v2\/media?parent=5683"}],"wp:term":[{"taxonomy":"category","embeddable":true,"href":"https:\/\/kassel-ebb.eu\/de\/wp-json\/wp\/v2\/categories?post=5683"},{"taxonomy":"post_tag","embeddable":true,"href":"https:\/\/kassel-ebb.eu\/de\/wp-json\/wp\/v2\/tags?post=5683"}],"curies":[{"name":"wp","href":"https:\/\/api.w.org\/{rel}","templated":true}]}}