{"id":568,"date":"2019-11-09T16:49:46","date_gmt":"2019-11-09T14:49:46","guid":{"rendered":"https:\/\/dev-eb2.abraxis-kassel.de\/?p=568"},"modified":"2019-11-09T16:51:43","modified_gmt":"2019-11-09T14:51:43","slug":"auf-dem-weg-zur-2-europaischen-burgerbegenung-2020-in-kassel","status":"publish","type":"post","link":"https:\/\/kassel-ebb.eu\/de\/2019\/11\/auf-dem-weg-zur-2-europaischen-burgerbegenung-2020-in-kassel\/","title":{"rendered":"Auf dem Weg zur 2. Europ\u00e4ischen B\u00fcrgerbegenung 2020 in Kassel"},"content":{"rendered":"\n<h2 class=\"wp-block-heading\">Gro\u00dfes Kick-off-Treffen zur Vorbereitung 29.10.2019<\/h2>\n\n\n\n<p><strong>Liebe B\u00fcrgerinnen und B\u00fcrger!<\/strong><\/p>\n\n\n\n<p>Die 1. Europ\u00e4ische B\u00fcrgerbegegnung 2018 in Kassel (EBB 2018) war sehr\n erfolgreich. Aus 10 L\u00e4ndern Europas kamen \u00fcber 100 Europ\u00e4erinnen und \nEurop\u00e4er drei Tage zusammen und haben gemeinsam diskutiert, gefeiert und\n f\u00fcr das Vereinte Europa demonstriert.<\/p>\n\n\n\n<p>Vom Donnerstag, den 17. bis Sonntag, den 20. September 2020 findet, \ndie 2. EBB in Kassel statt. Sie wird wieder von der Europa-Union Kassel,\n der \u00fcberparteilichen Vereinigung f\u00fcr ein Vereintes Europa, und von \nPulse of Europe, der B\u00fcrgerbewegung f\u00fcr Europa, in Kooperation mit \nvielen anderen veranstaltet.<\/p>\n\n\n\n<p>Die EBB kann nur wachsen und ein noch gr\u00f6\u00dferer Erfolg werden, wenn ganz viele Menschen mitmachen. <\/p>\n\n\n\n<p><strong>Deshalb laden wir alle B\u00fcrgerinnen und B\u00fcrger der Stadt und \ndes Landkreises Kassel ein zum gro\u00dfen Kick-off-Treffen zur Vorbereitung \nder EBB am Dienstag den 29.10.2019 um 19 Uhr im B\u00fcrgersall des Kasseler \nRathauses ein!<\/strong><\/p>\n\n\n\n<p>Das Herzst\u00fcck der EBB sind die Workshops (Projekte). <br>Ein Workshop\n hat ca. 10-20 Teilnehmer aus mindestens zwei europ\u00e4ischen L\u00e4ndern. \nJeder Workshop steht unter einem bestimmten Thema. Thema\/Inhalt eines \nWorkshops kann alles sein, was uns B\u00fcrgerInnen interessiert. <strong>Denn alles hat europ\u00e4ische Aspekte!<\/strong><br>Jeder und jede \u2013 Einzelpersonen, Gruppen, Vereine, Schulen, Gemeinden etc. \u2013 sind eingeladen, einen Workshop anzubieten.<\/p>\n\n\n\n<p>Daneben geht es vor allem darum,<\/p>\n\n\n\n<ul class=\"wp-block-list\"><li>private \u00dcbernachtungspl\u00e4tze in Familien etc. zu organisieren,<\/li><li>ehrenamtliche Dolmetscher\/\u00dcbersetzer zu finden,<\/li><li>weitere Kontakte inandere EU-L\u00e4nder zu aktivieren und<\/li><li>deutsche TeilnehmerInnen f\u00fcr die verschiedenen Workshops zu gewinnen.<\/li><\/ul>\n\n\n\n<p>Das Vereinte Europa steht unter Druck. Wir B\u00fcrgerInnen aus den \nL\u00e4ndern Europas m\u00fcssen jetzt erst Recht zusammen halten. Daf\u00fcr m\u00fcssen \nwir uns pers\u00f6nlich kennen lernen und begegnen.<\/p>\n\n\n\n<p><strong>Bitte kommen Sie am Di., 29.10.2019, und bringen Sie Freunde und Bekannte mit!<\/strong><\/p>\n\n\n\n<p><strong>Europa braucht uns alle! <\/strong><a href=\"https:\/\/kassel-ebb.eu\/wp-content\/uploads\/2019\/10\/Einladung-zur-Pr\u00e4sentation-der-EBB.pdf\">Einladung-zur-Pr\u00e4sentation-der-EBB<\/a><a href=\"https:\/\/kassel-ebb.eu\/wp-content\/uploads\/2019\/10\/Einladung-zur-Pr\u00e4sentation-der-EBB.pdf\">Download<\/a><\/p>\n","protected":false},"excerpt":{"rendered":"<p>Gro\u00dfes Kick-off-Treffen zur Vorbereitung 29.10.2019 Liebe B\u00fcrgerinnen und B\u00fcrger! Die 1. Europ\u00e4ische B\u00fcrgerbegegnung 2018 in Kassel (EBB 2018) war sehr erfolgreich. Aus 10 L\u00e4ndern Europas kamen \u00fcber 100 Europ\u00e4erinnen und Europ\u00e4er drei Tage zusammen und haben gemeinsam diskutiert, gefeiert und f\u00fcr das Vereinte Europa demonstriert. Vom Donnerstag, den 17. bis Sonntag, den 20. September 2020 [&hellip;]<\/p>\n","protected":false},"author":3,"featured_media":498,"comment_status":"open","ping_status":"closed","sticky":false,"template":"","format":"standard","meta":{"footnotes":""},"categories":[24],"tags":[],"class_list":["post-568","post","type-post","status-publish","format-standard","has-post-thumbnail","hentry","category-newsletter"],"_links":{"self":[{"href":"https:\/\/kassel-ebb.eu\/de\/wp-json\/wp\/v2\/posts\/568","targetHints":{"allow":["GET"]}}],"collection":[{"href":"https:\/\/kassel-ebb.eu\/de\/wp-json\/wp\/v2\/posts"}],"about":[{"href":"https:\/\/kassel-ebb.eu\/de\/wp-json\/wp\/v2\/types\/post"}],"author":[{"embeddable":true,"href":"https:\/\/kassel-ebb.eu\/de\/wp-json\/wp\/v2\/users\/3"}],"replies":[{"embeddable":true,"href":"https:\/\/kassel-ebb.eu\/de\/wp-json\/wp\/v2\/comments?post=568"}],"version-history":[{"count":0,"href":"https:\/\/kassel-ebb.eu\/de\/wp-json\/wp\/v2\/posts\/568\/revisions"}],"wp:featuredmedia":[{"embeddable":true,"href":"https:\/\/kassel-ebb.eu\/de\/wp-json\/wp\/v2\/media\/498"}],"wp:attachment":[{"href":"https:\/\/kassel-ebb.eu\/de\/wp-json\/wp\/v2\/media?parent=568"}],"wp:term":[{"taxonomy":"category","embeddable":true,"href":"https:\/\/kassel-ebb.eu\/de\/wp-json\/wp\/v2\/categories?post=568"},{"taxonomy":"post_tag","embeddable":true,"href":"https:\/\/kassel-ebb.eu\/de\/wp-json\/wp\/v2\/tags?post=568"}],"curies":[{"name":"wp","href":"https:\/\/api.w.org\/{rel}","templated":true}]}}