{"id":5571,"date":"2026-03-09T11:09:31","date_gmt":"2026-03-09T09:09:31","guid":{"rendered":"https:\/\/dev-eb2.abraxis-kassel.de\/?p=5571"},"modified":"2026-04-30T22:01:22","modified_gmt":"2026-04-30T20:01:22","slug":"ebb2026-jetzt-anmelden","status":"publish","type":"post","link":"https:\/\/kassel-ebb.eu\/de\/2026\/03\/ebb2026-jetzt-anmelden\/","title":{"rendered":"EBB2026 &#8211; Jetzt anmelden!"},"content":{"rendered":"\n<p>Die Europ\u00e4ische B\u00fcrgerbegegnung (EBB) findet wieder in Kassel statt! Vom 10. bis 13. September 2026 kommen Menschen aus ganz Europa im Herzen Deutschlands zusammen. In diesem Jahr lautet das Motto: <strong>&#8222;Unser Europa \u2013 Vereint in Vielfalt&#8220;<\/strong>. Vier Tage lang besch\u00e4ftigen wir uns in Workshops und Aktivit\u00e4ten mit Vielfalt und unterschiedlichen Perspektiven aus ganz Europa. Und das Beste: <a href=\"https:\/\/kassel-ebb.eu\/de\/anmeldung\/?lang=de\" data-type=\"page\" data-id=\"561\">Du kannst dich schon anmelden!<\/a><\/p>\n\n\n\n<p>Es ist bereits die 4. EBB in Kassel, und diesmal gibt es einige Neuerungen. Wir haben uns viel M\u00fche gegeben, noch mehr Begegnung in die Begegnung zu bringen und den Austausch zwischen den verschiedenen Workshops und Interessensgruppen zu f\u00f6rdern. Au\u00dferdem wird Kassel selbst eine gr\u00f6\u00dfere Rolle spielen: Zum ersten Mal bieten wir Formate wie Stadtf\u00fchrungen an, um unseren europ\u00e4ischen Freundinnen und Freunden die Stadt n\u00e4herzubringen. Die \u00c4nderungen findest du im folgenden Programm.<\/p>\n\n\n\n<div data-wp-interactive=\"core\/file\" class=\"wp-block-file\"><object data-wp-bind--hidden=\"!state.hasPdfPreview\" hidden class=\"wp-block-file__embed\" data=\"https:\/\/kassel-ebb.eu\/wp-content\/uploads\/2026\/02\/Ablaufplan-EBB-2026_de.pdf\" type=\"application\/pdf\" style=\"width:100%;height:600px\" aria-label=\"PDF-Einbettung\"><\/object><a href=\"https:\/\/kassel-ebb.eu\/wp-content\/uploads\/2026\/02\/Ablaufplan-EBB-2026_de.pdf\" class=\"wp-block-file__button wp-element-button\" download>Download<\/a><\/div>\n\n\n\n<p>Doch einige Dinge bleiben gleich: Wir bieten weiterhin <a href=\"https:\/\/kassel-ebb.eu\/de\/gastfamilie-werden\/?lang=de\" data-type=\"page\" data-id=\"321\">Unterk\u00fcnfte in Gastfamilien<\/a> f\u00fcr alle an, die das m\u00f6chten, und unsere Europa-Party bleibt der kr\u00f6nende Abschluss. F\u00fcr die Workshops arbeiten wir erneut mit Menschen und NGOs aus Kassel und Umgebung zusammen \u2013 aber melde dich gerne von \u00fcberall in Europa bei uns, wenn du selbst einen Workshop anbieten m\u00f6chtest. <a href=\"https:\/\/kassel-ebb.eu\/2020\/01\/workshops\/\" data-type=\"post\" data-id=\"695\">Schau dir in der Zwischenzeit an, was andere planen.<\/a><\/p>\n\n\n\n<p>Das war\u2019s f\u00fcr heute. <a href=\"https:\/\/kassel-ebb.eu\/de\/anmeldung\/?lang=de\" data-type=\"page\" data-id=\"561\">Melde dich jetzt an \u2013 das hilft uns bei der Planung<\/a>! Bei Fragen kannst du dich jederzeit an uns wenden unter <a href=\"office@kassel-ebb.eu\">office(at)kassel-ebb(dot)eu<\/a>. Wir \u00fcberzeugen dich gerne davon, dass die Teilnahme am EBB ein ph\u00e4nomenales Erlebnis ist und sich lohnt!<\/p>\n\n\n\n<p>PS: Wundere dich nicht, wenn bald alles etwas anders aussieht \u2013 wir arbeiten auch an einem neuen Webdesign!<\/p>\n","protected":false},"excerpt":{"rendered":"<p>Die Europ\u00e4ische B\u00fcrgerbegegnung (EBB) findet wieder in Kassel statt! Vom 10. bis 13. September 2026 kommen Menschen aus ganz Europa im Herzen Deutschlands zusammen. In diesem Jahr lautet das Motto: &#8222;Unser Europa \u2013 Vereint in Vielfalt&#8220;. Vier Tage lang besch\u00e4ftigen wir uns in Workshops und Aktivit\u00e4ten mit Vielfalt und unterschiedlichen Perspektiven aus ganz Europa. Und [&hellip;]<\/p>\n","protected":false},"author":2,"featured_media":0,"comment_status":"closed","ping_status":"closed","sticky":false,"template":"single-2","format":"standard","meta":{"footnotes":""},"categories":[30],"tags":[],"class_list":["post-5571","post","type-post","status-publish","format-standard","hentry","category-aktuelles"],"_links":{"self":[{"href":"https:\/\/kassel-ebb.eu\/de\/wp-json\/wp\/v2\/posts\/5571","targetHints":{"allow":["GET"]}}],"collection":[{"href":"https:\/\/kassel-ebb.eu\/de\/wp-json\/wp\/v2\/posts"}],"about":[{"href":"https:\/\/kassel-ebb.eu\/de\/wp-json\/wp\/v2\/types\/post"}],"author":[{"embeddable":true,"href":"https:\/\/kassel-ebb.eu\/de\/wp-json\/wp\/v2\/users\/2"}],"replies":[{"embeddable":true,"href":"https:\/\/kassel-ebb.eu\/de\/wp-json\/wp\/v2\/comments?post=5571"}],"version-history":[{"count":0,"href":"https:\/\/kassel-ebb.eu\/de\/wp-json\/wp\/v2\/posts\/5571\/revisions"}],"wp:attachment":[{"href":"https:\/\/kassel-ebb.eu\/de\/wp-json\/wp\/v2\/media?parent=5571"}],"wp:term":[{"taxonomy":"category","embeddable":true,"href":"https:\/\/kassel-ebb.eu\/de\/wp-json\/wp\/v2\/categories?post=5571"},{"taxonomy":"post_tag","embeddable":true,"href":"https:\/\/kassel-ebb.eu\/de\/wp-json\/wp\/v2\/tags?post=5571"}],"curies":[{"name":"wp","href":"https:\/\/api.w.org\/{rel}","templated":true}]}}