{"id":5247,"date":"2024-12-19T17:56:13","date_gmt":"2024-12-19T15:56:13","guid":{"rendered":"https:\/\/dev-eb2.abraxis-kassel.de\/?p=5247"},"modified":"2025-07-04T15:01:04","modified_gmt":"2025-07-04T13:01:04","slug":"ebb2024-ein-ruckblick","status":"publish","type":"post","link":"https:\/\/kassel-ebb.eu\/de\/2024\/12\/ebb2024-ein-ruckblick\/","title":{"rendered":"EBB2024 &#8211; Ein R\u00fcckblick"},"content":{"rendered":"\n<p>Mehr als 150 Teilnehmer:innen aus unterschiedlichen L\u00e4ndern Europas, darunter Gruppen aus Polen (Danzig), Schweden (V\u00e4steras) und Frankreich (Mulhouse) sowie aus der nordhessischen Region haben vom 12.09. bis 15.09.2024 an der Dritten Europ\u00e4ischen B\u00fcrgerbegegnung (EBB) in Kassel teilgenommen und dabei an zahlreichen Workshops und Aktivit\u00e4ten mitgewirkt.&nbsp;<\/p>\n\n\n\n<p>Los ging es mit der Er\u00f6ffnung im Kasseler Rathaus. Am Donnerstagabend wurde die EBB mit Pauken und Trompeten des CVJM Posaunenchor sowie einer ukrainischen Band er\u00f6ffnet. In seinem Gru\u00dfwort an die G\u00e4ste aus Europa sagte Oberb\u00fcrgermeister Dr. Sven Schoeller, Schirmherr der Veranstaltung, Europa m\u00fcsse wieder ein Projekt der j\u00fcngeren Generationen werden: \u201eWir m\u00fcssen Europa nicht nur in den K\u00f6pfen, sondern auch in den Herzen verankern.\u201c Die B\u00fcrgerbegegnung leiste dazu einen Beitrag. Aber nicht nur die G\u00e4ste wurden begr\u00fc\u00dft, sondern auch Gr\u00fc\u00dfe an die Gastgeber \u00fcbermittelt. In insgesamt 7 Sprachen wurden die B\u00fcrgerinnen und B\u00fcrger Europas auf die kommenden Tage vorbereitet.&nbsp;&nbsp;<\/p>\n\n\n\n<p>Am Freitag und Samstag kam es dann zur eigentlichen Begegnung in den Workshops. Es wurde zu vielen unterschiedlichen Themen diskutiert und sich ausgetauscht. Insgesamt fanden 15 Workshops statt. In den Workshops konnten sich die Teilnehmer:innen mit einer breiten Palette von Themen besch\u00e4ftigen. Auf gro\u00dfes Interesse traf der Workshop \u201eAm gemeinsamen Tisch \u2013 das Leben in multikulturellen St\u00e4dten\u201c. Auf ihren Erfahrungen aufbauend verglichen Teilnehmende ihre Lebensbedingungen in Danzig, Lwiw und Kassel und konnten einander positive Beispiele wie auch Probleme des Alltags benennen. Im Workshop \u201edirekte Demokratie und B\u00fcrgerbeteiligung in Europa\u201c blickten die Teilnehmer auf L\u00e4nder, die bereits \u00fcber langj\u00e4hrige Erfahrungen mit direktdemokratischen Verfahren verf\u00fcgen. Entgegen der noch immer vorfindlichen deutschen Skepsis haben sich B\u00fcrgerinitiativen, B\u00fcrgerbegehren und Referenden als kompatibel mit dem repr\u00e4sentativen Parlamentarismus gezeigt. Dass es sowohl auf kommunaler als auch auf nationaler Ebene direktdemokratischer Erg\u00e4nzungen bedarf, zeigen die vielen B\u00fcrgerr\u00e4te, deren Voten in die parlamentarischen Entscheidungen einflie\u00dfen. Besonders vielf\u00e4ltig besetzt war der Workshop \u201cEntscheidungsfindung und Dialog in Planungszellen\u201d besetzt. Teilnehmenden aus sechs Nationen diskutierten dort ihre Erfahrungen in der ehrenamtlichen Arbeit. Der Freitagabend endete mit zwei Konzerten. Im Schlachthof hatten die G\u00e4ste die seltene Gelegenheit, mit Mariia Parkhomenko eine versierte Solistin an der Bandura, einer traditionellen ukrainischen Laute, zu erleben. Gemeinsam mit Klarinettisten Oleksandr Perlosvskyi bot sie ein abwechslungsreiches Programm mit klassischen und aktuellen St\u00fccken. Zu einer stimmungsvollen musikalischen Weltreise lud anschlie\u00dfend die Kasseler Weltmusikformation Nawa ein.&nbsp;<\/p>\n\n\n\n<p>Am Samstag fanden noch drei Highlights der EBB2024 statt. Bei einer von rund 120 G\u00e4sten besuchten Veranstaltung im Saal der Neuen Denkerei hatte die Vize-Pr\u00e4sidentin des Europ\u00e4ischen Parlamentes, Katarina Barley, Engagement f\u00fcr den Erhalt der Demokratie gefordert. \u201eDemokratie ist nicht statisch, sie ist ein Prozess und muss gesichert, erk\u00e4mpft und gelebt werden.\u201c In Ungarn seien elementare demokratische Regeln abgeschafft worden, aber das Beispiel Polen zeige, dass Demokratie auch zur\u00fcck erk\u00e4mpft werden k\u00f6nne. Kritik an der aktuellen Politik sei keine Rechtfertigung, der Demokratie den R\u00fccken zuzudrehen. Europa m\u00fcsse weiterhin f\u00fcr Zusammenhalt, Solidarit\u00e4t und Mitgef\u00fchl stehen. Im Anschluss an die Diskussion fand die Kundgebung statt, auf der die Teilnehmenden mehr europ\u00e4ische Solidarit\u00e4t einforderten, auch im Hinblick auf die Konflikte auf dem europ\u00e4ischen Kontinent. Abends fand als Ausklang der EBB die mittlerweile legend\u00e4re Europa-Party statt. Zum Abschluss wurde den ehrenamtlichen Organisatoren gedankt und die intensiven Tage beim letzten gemeinsamen Abendessen reflektiert. Als finaler H\u00f6hepunkt wurde dann noch kr\u00e4ftig das Tanzbein geschwungen.&nbsp;&nbsp;<\/p>\n\n\n\n<p>Veranstalter war die Europa Union Kassel, die von den Kooperationspartnern &#8222;Pulse of Europe&#8220;, der Stadt Kassel und der EU-Informationsstelle &#8222;Europe direct&#8220; unterst\u00fctzt wurde. Die Veranstaltung wird durch das Programm &#8222;CERV&#8220; der Europ\u00e4ischen Kommission, sowie der Stiftung f\u00fcr Deutsch-Polnische Zusammenarbeit, der Kasseler Sparkasse, der Hessischen Staatskanzlei, dem Gartencenter Meckelburg sowie vielen weiteren Spendern und Mitgliedern der Europa-Union Kassel e.V. unterst\u00fctzt.&nbsp;&nbsp;<\/p>\n\n\n\n<p>Die Eventbeschreibung zum CERV Programm finden Sie hier. <\/p>\n\n\n\n<div data-wp-interactive=\"core\/file\" class=\"wp-block-file\"><object data-wp-bind--hidden=\"!state.hasPdfPreview\" hidden class=\"wp-block-file__embed\" data=\"https:\/\/kassel-ebb.eu\/wp-content\/uploads\/2024\/12\/final_event-description-sheet-3.pdf\" type=\"application\/pdf\" style=\"width:100%;height:600px\" aria-label=\"Einbettung von final_event-description-sheet.\"><\/object><a id=\"wp-block-file--media-00e93cc8-41c7-45b7-a11b-195e0772ff51\" href=\"https:\/\/kassel-ebb.eu\/wp-content\/uploads\/2024\/12\/final_event-description-sheet-3.pdf\">final_event-description-sheet<\/a><a href=\"https:\/\/kassel-ebb.eu\/wp-content\/uploads\/2024\/12\/final_event-description-sheet-3.pdf\" class=\"wp-block-file__button wp-element-button\" download aria-describedby=\"wp-block-file--media-00e93cc8-41c7-45b7-a11b-195e0772ff51\">Download<\/a><\/div>\n\n\n\n<p><\/p>\n","protected":false},"excerpt":{"rendered":"<p>Mehr als 150 Teilnehmer:innen aus unterschiedlichen L\u00e4ndern Europas, darunter Gruppen aus Polen (Danzig), Schweden (V\u00e4steras) und Frankreich (Mulhouse) sowie aus der nordhessischen Region haben vom 12.09. bis 15.09.2024 an der Dritten Europ\u00e4ischen B\u00fcrgerbegegnung (EBB) in Kassel teilgenommen und dabei an zahlreichen Workshops und Aktivit\u00e4ten mitgewirkt.&nbsp; Los ging es mit der Er\u00f6ffnung im Kasseler Rathaus. Am [&hellip;]<\/p>\n","protected":false},"author":2,"featured_media":0,"comment_status":"closed","ping_status":"closed","sticky":false,"template":"","format":"standard","meta":{"footnotes":""},"categories":[30],"tags":[],"class_list":["post-5247","post","type-post","status-publish","format-standard","hentry","category-aktuelles"],"_links":{"self":[{"href":"https:\/\/kassel-ebb.eu\/de\/wp-json\/wp\/v2\/posts\/5247","targetHints":{"allow":["GET"]}}],"collection":[{"href":"https:\/\/kassel-ebb.eu\/de\/wp-json\/wp\/v2\/posts"}],"about":[{"href":"https:\/\/kassel-ebb.eu\/de\/wp-json\/wp\/v2\/types\/post"}],"author":[{"embeddable":true,"href":"https:\/\/kassel-ebb.eu\/de\/wp-json\/wp\/v2\/users\/2"}],"replies":[{"embeddable":true,"href":"https:\/\/kassel-ebb.eu\/de\/wp-json\/wp\/v2\/comments?post=5247"}],"version-history":[{"count":0,"href":"https:\/\/kassel-ebb.eu\/de\/wp-json\/wp\/v2\/posts\/5247\/revisions"}],"wp:attachment":[{"href":"https:\/\/kassel-ebb.eu\/de\/wp-json\/wp\/v2\/media?parent=5247"}],"wp:term":[{"taxonomy":"category","embeddable":true,"href":"https:\/\/kassel-ebb.eu\/de\/wp-json\/wp\/v2\/categories?post=5247"},{"taxonomy":"post_tag","embeddable":true,"href":"https:\/\/kassel-ebb.eu\/de\/wp-json\/wp\/v2\/tags?post=5247"}],"curies":[{"name":"wp","href":"https:\/\/api.w.org\/{rel}","templated":true}]}}