{"id":4472,"date":"2024-05-23T22:10:36","date_gmt":"2024-05-23T20:10:36","guid":{"rendered":"https:\/\/dev-eb2.abraxis-kassel.de\/?p=4472"},"modified":"2024-05-23T22:11:22","modified_gmt":"2024-05-23T20:11:22","slug":"words-and-bullets-poesie-lesung-vom-schlachtfeld","status":"publish","type":"post","link":"https:\/\/kassel-ebb.eu\/de\/2024\/05\/words-and-bullets-poesie-lesung-vom-schlachtfeld\/","title":{"rendered":"Words and Bullets\u00a0&#8211; Poesie-Lesung vom Schlachtfeld"},"content":{"rendered":"\n<p style=\"font-size:clamp(14px, 0.875rem + ((1vw - 3.2px) * 0.098), 15px);\"><strong><strong>Eintritt: kostenfrei<\/strong><br><strong>Achtung! Begrenzte Platzanzahl. Wir bitten um Anmeldung unter&nbsp;<a href=\"mailto:bellevue@brueckner-kuehner.de\">bellevue@brueckner-kuehner.de<\/a><\/strong><\/strong><\/p>\n\n\n\n<figure class=\"wp-block-image size-large\"><img loading=\"lazy\" decoding=\"async\" width=\"1024\" height=\"536\" src=\"https:\/\/kassel-ebb.eu\/wp-content\/uploads\/2024\/05\/IMG_20240520_182343_126-1024x536.jpg\" alt=\"\" class=\"wp-image-4473\" srcset=\"https:\/\/kassel-ebb.eu\/wp-content\/uploads\/2024\/05\/IMG_20240520_182343_126-1024x536.jpg 1024w, https:\/\/kassel-ebb.eu\/wp-content\/uploads\/2024\/05\/IMG_20240520_182343_126-300x157.jpg 300w, https:\/\/kassel-ebb.eu\/wp-content\/uploads\/2024\/05\/IMG_20240520_182343_126-768x402.jpg 768w, https:\/\/kassel-ebb.eu\/wp-content\/uploads\/2024\/05\/IMG_20240520_182343_126.jpg 1209w\" sizes=\"auto, (max-width: 1024px) 100vw, 1024px\" \/><\/figure>\n\n\n\n<p>Im Juni wird in Europa gew\u00e4hlt. Sich f\u00fcr Demokratie einzusetzen, ist so wichtig wie selten zuvor. Aus diesem Anlass laden die Stiftung Br\u00fcckner-K\u00fchner und die Europa Union gemeinsam zu der Veranstaltung &#8222;Words and Bullets&#8220;: Unter diesem Titel gibt die ukrainische Dichterin Victoria Feshchuk Einblicke in die Poesie ihrer Kolleg*innen, die gerade im Krieg in der Ukraine eingesetzt sind. Die Veranstaltung ist kostenfrei, um Anmeldung unter&nbsp;<a href=\"mailto:bellevue@brueckner-kuehner.de\">bellevue@brueckner-kuehner.de<\/a>&nbsp;wird wegen begrenzter Platzzahl gebeten.<\/p>\n\n\n\n<p>Unter den Soldat*innen, die derzeit die Ukraine verteidigen, sind ca achtzig Schriftsteller*innen. Acht von ihnen, allesamt junge Dichter*innen, schreiben \u00fcber Glaube, Liebe, Wut, Trauer, Hoffnung und die Zerbrechlichkeit des Wortes &#8222;Frieden&#8220;, um das sie ringen. Victoria Feshchuk, die als Stipendiatin im Dichterhaus Br\u00fcckner-K\u00fchner lebt, stellt die Arbeit ihrer Kolleg*innen an der Front vor: Es werden Videos der Dichter*innen in Originalsprache (Ukrainisch) gezeigt. Dank der \u00dcbertragung der Texte von Ganna Gnedkova ins Deutsche werden die Gedichte au\u00dferdem live auf Deutsch vorgetragen.<\/p>\n\n\n\n<div style=\"height:10px\" aria-hidden=\"true\" class=\"wp-block-spacer\"><\/div>\n\n\n\n<p><strong>Vorgestellt werden Arbeiten von:<\/strong><\/p>\n\n\n\n<p>der preisgekr\u00f6nten Dichterin Yaryna Chornohuz, der Dichterin und Musikerin Yelysaveta Zharikova, dem Dichter, Kulturkritiker und Slammer Ihor Mitrov, dem Dichter Artur Dron, dem Dichter und Poesieforscher Sula, dem Dichter und Slammer Vasyl Dukhnovsky und dem Dichter und Lehrer Serhii Rubnikovych. Dar\u00fcber hinaus werden Videos mit Texten des Dichters und Fotografen Maksym Kryvtsov zu sehen sein, der am 8. Januar 2024 gefallen ist.<\/p>\n\n\n\n<p>W\u00e4hrend der Lesung und im Anschluss k\u00f6nnen Besuchende f\u00fcr das Sanit\u00e4tsbataillon&nbsp;<em>Hospitallers<\/em>&nbsp;spenden, eine freiwillige Organisation von Sanit\u00e4tern. Ihre Hauptaufgaben bestehen darin, den Verwundeten auf dem Schlachtfeld zu helfen, sie zu evakuieren, beim Rehabilitationsprozess zu helfen und Verstorbene in die Ukraine zu \u00fcberf\u00fchren.<\/p>\n\n\n\n<p><strong>\u00dcber das Projekt:<\/strong><\/p>\n\n\n\n<p>Das Sonderprojekt &#8222;Words and Bullets&#8220; ist im Rahmen der Online-Plattform &#8222;Chytomo&#8220; entstanden und ist derzeit auf&nbsp;<a rel=\"noreferrer noopener\" href=\"https:\/\/chytomo.com\/en\/tag\/words-and-bullets\/\" target=\"_blank\">Englisch<\/a>&nbsp;und&nbsp;<a rel=\"noreferrer noopener\" href=\"https:\/\/chytomo.com\/tag\/slova-i-kuli-words-and-bullets\/\" target=\"_blank\">Ukrainisch<\/a>&nbsp;verf\u00fcgbar. Die Plattform wird von der gleichnamigen Initiative zur Unterst\u00fctzung ukrainischer und osteurop\u00e4ische Kulturprojekte unterhalten, f\u00fcr die Victoria Feshchuk arbeitet. Chytomo ist das gr\u00f6\u00dfte unabh\u00e4ngige Medium, das \u00fcber das Verlagswesen und zeitgen\u00f6ssische literarische und kulturelle Prozesse in der Ukraine berichtet. Vor allem nach dem \u00dcberfall Russlands auf die Ukraine legt das Medium einen Fokus auf literarische und kulturelle Berichterstattung. Daf\u00fcr setzen die Redakteur*innen auf st\u00e4ndige Kommunikation und Zusammenarbeit auch \u00fcber Landesgrenzen hinweg und haben unter anderem eine Interviewreihe mit ukrainischen Schriftsteller*innen an der Front ver\u00f6ffentlicht.<\/p>\n\n\n\n<p><strong>\u00dcber die Kooperation:<\/strong><\/p>\n\n\n\n<p>Die&nbsp;<a rel=\"noreferrer noopener\" href=\"https:\/\/www.europa-union-kassel.de\/\" target=\"_blank\">Europa Union Kassel<\/a>&nbsp;hat sich seit dem ersten Tag des russischen Angriffs mit der Ukraine solidarisiert. Seit zwei Jahren arbeitet sie in diversen Vorhaben mit der Ukrainehilfe Kassel des Malteser Hilfsdienstes eng zusammen. Dar\u00fcber hinaus setzt sie sich f\u00fcr den Aufbau einer St\u00e4dtepartnerschaft Kassels mit einer ukrainischen Stadt ein.<\/p>\n\n\n\n<div style=\"height:10px\" aria-hidden=\"true\" class=\"wp-block-spacer\"><\/div>\n\n\n\n<p><strong>Wann?<\/strong> Freitag 24.05.2024, 19 Uhr<\/p>\n\n\n\n<p><strong>Wo? <\/strong>Salon im Palais Bellevue, <a href=\"https:\/\/www.google.com\/maps\/place\/\/data=!4m2!3m1!1s0x47bb38b2b17d2c2f:0x89d62fe77b73f58e?sa=X&amp;ved=1t:8290&amp;ictx=111\">Sch\u00f6ne Aussicht 2, 34117 Kassel<\/a><strong><br><\/strong>Der Eingang erfolgt \u00fcber die gr\u00fcne Eingangst\u00fcr des Palais Bellevue.<\/p>\n\n\n\n<p><strong>Anmledung:<\/strong> bellevue@brueckner-kuehner.de<\/p>\n","protected":false},"excerpt":{"rendered":"<p>Eintritt: kostenfreiAchtung! Begrenzte Platzanzahl. Wir bitten um Anmeldung unter&nbsp;bellevue@brueckner-kuehner.de Im Juni wird in Europa gew\u00e4hlt. Sich f\u00fcr Demokratie einzusetzen, ist so wichtig wie selten zuvor. Aus diesem Anlass laden die Stiftung Br\u00fcckner-K\u00fchner und die Europa Union gemeinsam zu der Veranstaltung &#8222;Words and Bullets&#8220;: Unter diesem Titel gibt die ukrainische Dichterin Victoria Feshchuk Einblicke in die [&hellip;]<\/p>\n","protected":false},"author":7,"featured_media":0,"comment_status":"closed","ping_status":"closed","sticky":false,"template":"","format":"standard","meta":{"footnotes":""},"categories":[30],"tags":[],"class_list":["post-4472","post","type-post","status-publish","format-standard","hentry","category-aktuelles"],"_links":{"self":[{"href":"https:\/\/kassel-ebb.eu\/de\/wp-json\/wp\/v2\/posts\/4472","targetHints":{"allow":["GET"]}}],"collection":[{"href":"https:\/\/kassel-ebb.eu\/de\/wp-json\/wp\/v2\/posts"}],"about":[{"href":"https:\/\/kassel-ebb.eu\/de\/wp-json\/wp\/v2\/types\/post"}],"author":[{"embeddable":true,"href":"https:\/\/kassel-ebb.eu\/de\/wp-json\/wp\/v2\/users\/7"}],"replies":[{"embeddable":true,"href":"https:\/\/kassel-ebb.eu\/de\/wp-json\/wp\/v2\/comments?post=4472"}],"version-history":[{"count":0,"href":"https:\/\/kassel-ebb.eu\/de\/wp-json\/wp\/v2\/posts\/4472\/revisions"}],"wp:attachment":[{"href":"https:\/\/kassel-ebb.eu\/de\/wp-json\/wp\/v2\/media?parent=4472"}],"wp:term":[{"taxonomy":"category","embeddable":true,"href":"https:\/\/kassel-ebb.eu\/de\/wp-json\/wp\/v2\/categories?post=4472"},{"taxonomy":"post_tag","embeddable":true,"href":"https:\/\/kassel-ebb.eu\/de\/wp-json\/wp\/v2\/tags?post=4472"}],"curies":[{"name":"wp","href":"https:\/\/api.w.org\/{rel}","templated":true}]}}