{"id":3891,"date":"2023-05-25T19:57:27","date_gmt":"2023-05-25T17:57:27","guid":{"rendered":"https:\/\/dev-eb2.abraxis-kassel.de\/?p=3891"},"modified":"2026-04-30T22:19:32","modified_gmt":"2026-04-30T20:19:32","slug":"ostliche-seele-preusische-tugenden-die-ukraine-auf-dem-weg-in-die-eu","status":"publish","type":"post","link":"https:\/\/kassel-ebb.eu\/de\/2023\/05\/ostliche-seele-preusische-tugenden-die-ukraine-auf-dem-weg-in-die-eu\/","title":{"rendered":"\u201e\u00d6stliche Seele, preu\u00dfische Tugenden\u201c \u2013 die Ukraine auf dem Weg in die EU"},"content":{"rendered":"\n<p><strong>Das Projekt wird gef\u00f6rdert im Rahmen des Programms \u201eZukunftsbr\u00fccken f\u00fcr Ukraine\u201c der <a rel=\"noreferrer noopener\" href=\"https:\/\/sdpz.org\/\" target=\"_blank\">Stiftung f\u00fcr Deutsch-Polnische Zusammenarbeit<\/a><\/strong><\/p>\n\n\n\n<p>Das Projekt \u201eEuropa\u201c lebt von Begegnungen, die gegenseitiges Kennenlernen, kulturellen Austausch und Aufbau von Beziehungen jeglicher Art zwischen europ\u00e4ischen B\u00fcrgern erm\u00f6glichen.<\/p>\n\n\n\n<p>Die R\u00fcckkehr bzw. die Aufnahme der Ukraine in die europ\u00e4ische Familie ist mit vielen Herausforderungen verbunden. Dabei ist ukrainisches Volk auf die Hilfe und Unterst\u00fctzung europ\u00e4ischer Partner angewiesen. Ukrainische Gefl\u00fcchtete in ganz Europa, insbesondere in Deutschland, stellen eine wichtige Zielgruppe dar, die es in diesem Zusammenhang kennenzulernen gilt. Die Ann\u00e4herung auf der emotionalen Ebene wird im Rahmen des Projekts dadurch angestrebt, mit Ihnen Fluchterfahrungen zu teilen, die sowohl Deutsche als auch Polen mitbringen. Des Weiteren wird das Ziel verfolgt, Ukrainerinnen und Ukrainer f\u00fcr die zentrale Rolle der Korruptionsbek\u00e4mpfung f\u00fcr den Aufbau einer stabilen Demokratie und den Wiederaufbau der Ukraine zu sensibilisieren. An Beispielen aus Polen und Deutschland wird verdeutlicht, welche Werkzeuge in die Hand zu nehmen sind, um Korruption auf unterschiedlichen Ebenen zu bek\u00e4mpfen.<\/p>\n\n\n\n<h2 class=\"wp-block-heading\">Programm:<\/h2>\n\n\n\n<p>26. Mai, Freitag \u2013 Ankunft der G\u00e4ste, Abend in den Gastfamilien<\/p>\n\n\n\n<h3 class=\"wp-block-heading\">27. Mai, Samstag\u00a0\u2013 ab 10.00 Uhr in der Stadthalle Baunatal (Marktplatz 14, 34225 Baunatal)<\/h3>\n\n\n\n<p>Tagesthema: \u201eVerlust und Neubeginn\u201c<\/p>\n\n\n\n<p>Flucht bzw. Deportation ist eine Erfahrung, die \u00fcber unterschiedliche L\u00e4nder und Generationen Menschen verbinden kann. Allein an diesem Wochenende werden Menschen aus folgenden Gruppen anwesend sein: Deutsche, die 1945 aus deutschen Ostgebieten vertrieben wurden; Deutsche, die aus der DDR geflohen sind; Polen, die 1945 aus den polnischen Ostgebieten deportiert wurden; Polen, die w\u00e4hrend des Kommunismus nach Deutschland geflohen sind; Ukrainer, die seit 2014 vor dem Krieg nach Deutschland und Polen geflohen sind. Wir werden uns dem Thema mit Impulsreferaten, literarischen Texten und beim Austausch in kleinen Gruppen ann\u00e4hern.<\/p>\n\n\n\n<p>ab 9.30 \u2013 Einlass und Anmeldung<\/p>\n\n\n\n<p>10.00 \u2013 Begr\u00fc\u00dfung durch Lukas Kiepe, Vorsitzenden der Europa Union Kassel e.V. und Vertreter des Magistrats der Stadt Baunatal<\/p>\n\n\n\n<p>10.15 \u2013 Einf\u00fchrung ins Programm, Vorstellung &#8211; Dr. Mechthild von Lutzau, Europa Union Kassel e.V.<\/p>\n\n\n\n<p>10.30 \u2013 Erstellung eines Herkunfts- und Migrationssoziogramms mit anschlie\u00dfendem Austausch \u00fcber die jeweiligen Migrationsgeschichten &#8211; Dr. Mechthild von Lutzau, Europa Union Kassel e.V.<\/p>\n\n\n\n<p>12.30 \u2013 Mittagspause<\/p>\n\n\n\n<p>14.00 \u2013 Lesung aus dem Buch &#8222;Das pinke Hochzeitsbuch&#8220; &#8211; Przemek Zybowski, Berlin, Moderation: Viktor Buryachok<\/p>\n\n\n\n<p>Kaffeepause<\/p>\n\n\n\n<p>16.00 \u2013 Pers\u00f6nliche Berichte \u00fcber verschiedene Erfahrungen der Zwangsmigration (Flucht, Deportation und Repatriation)<\/p>\n\n\n\n<ul class=\"wp-block-list\">\n<li>Bo\u017cena Kisiel, Danzig: \u201eIm fremden Land Wurzel schlagen \u2013 Erfahrungen der Bewohner von Vilnius, die nach dem Zweiten Weltkrieg nach Danzig deportiert wurden\u201c<\/li>\n\n\n\n<li>Dr. Krystyna Kami\u0144ska, Warschau: \u201eMehrfache Entwurzelung \u2013 Migration aus der Sicht der Kinder\u201c.<\/li>\n\n\n\n<li>Dr. Mechthild von Lutzau: \u201eDeutsche auf der Flucht\u201c.<\/li>\n\n\n\n<li>N.N.: Erfahrungsbericht aus der Ukraine<\/li>\n<\/ul>\n\n\n\n<p>18.00 \u2013 Abendessen<\/p>\n\n\n\n<p>19.00 \u2013 St\u00e4dtepartnerschaft im deutsch-polnisch-ukrainischen Dreieck &#8211; Dr. Sven Schoeller, neu gew\u00e4hlter Oberb\u00fcrgermeister der Stadt Kassel, Jolanta Murawska, Referentin f\u00fcr st\u00e4dtepartnerschaftliche Zusammenarbeit der Stadt Danzig, Brigitte Bergholter, Kassel<\/p>\n\n\n\n<h3 class=\"wp-block-heading\">28. Mai, Sonntag \u2013 ab 10.00 Uhr in der Stadthalle Baunatal (Marktplatz 14, 34225 Baunatal)<\/h3>\n\n\n\n<p>Tagesthema: \u201eUnbestechliche Strukturen schaffen\u201c<\/p>\n\n\n\n<p>Dies soll zun\u00e4chst theoretisch eingeleitet werden, um anschlie\u00dfend danach zu fragen, wie sich Korruption sowohl in Deutschland, Polen und der Ukraine bek\u00e4mpfen l\u00e4sst. Dementsprechend wird das Ph\u00e4nomen Korruption zun\u00e4chst begrifflich erfasst und diskutiert. Sodann kann untersucht werden, welche Facetten von Korruption sich in den drei L\u00e4ndern zeigen und was man dagegen unternehmen kann. Vor allem wird analysiert, welche Mechanismen in den jeweiligen Staaten zur Verf\u00fcgung stehen, um Korruption zu verhindern. Hierbei sollen unter anderem folgende Themen betrachtet werden: Aufsichtsmechanismen, die Rolle der Digitalisierung, Bek\u00e4mpfung von Patronage und Vetternwirtschaft, Umgang mit \u00f6ffentlichen Ausschreibungen und Aufkl\u00e4rungsm\u00f6glichkeiten.<\/p>\n\n\n\n<p>10.00 \u2013 Fachvortr\u00e4ge<\/p>\n\n\n\n<ul class=\"wp-block-list\">\n<li>Timo de Boer, Student Universit\u00e4t Kassel: &#8222;Korruption in der Kommune \u2013 wie ist es in Deutschland?&#8220;<\/li>\n\n\n\n<li>Dr. hab. Tomasz Bojar-Fija\u0142kowski, Leiter des Institutes f\u00fcr Wirtschafts- und Finanzrecht:\u201eKorruption einschr\u00e4nken \u2013 notwendige gesetzliche Instrumente und gesellschaftliche Aktivit\u00e4ten\u201c<\/li>\n\n\n\n<li>Sergiusz Murenec \u2013 Journalist, Danzig: \u201eKorruptionsbek\u00e4mpfung in der Ukraine\u201c<\/li>\n<\/ul>\n\n\n\n<p>12.00 \u2013 Mittagspause<\/p>\n\n\n\n<p>13.00 \u2013 Filmvorf\u00fchrung: \u201ePamfir\u201c (Cineplex Kino Baunatal &#8211; Friedrich-Ebert-Allee 8a 34225 Baunatal &#8211; 3 Minuten Fu\u00dfweg von der Stadthalle)<\/p>\n\n\n\n<p>In dem in Cannes uraufgef\u00fchrten Erstling erz\u00e4hlt der ukrainische Filmemacher Dmytro Sukholytkyy-Sobchuk die Geschichte eines Vaters, der daf\u00fcr k\u00e4mpft, dass sein Sohn andere Wege einschl\u00e4gt als er selbst. Eindr\u00fccklich verbinden sich volkst\u00fcmliche Traditionen und Genres. Die Figur ger\u00e4t zum mythischen Helden des ukrainischen Westens, der sich gegen Korruption und Ignoranz engagiert.<\/p>\n\n\n\n<p>15.00 \u2013 Fachvortr\u00e4ge<\/p>\n\n\n\n<p>&#8211; Dr. h.c. Peter Masuch \u2013 Pr\u00e4sident des Bundessozialgerichts a.D., Kassel: &#8222;Unbestechliche Strukturen schaffen &#8211; Korruptionspr\u00e4vention im Justizwesen&#8220;<\/p>\n\n\n\n<p>Kaffeepause<\/p>\n\n\n\n<p>16.00 \u2013 Podiumsdiskussion, Moderation: Prof. Dr. Hermann K. Heu\u00dfner, Europa Union Kassel e.V.<\/p>\n\n\n\n<p>18.00 \u2013 Abendessen und M\u00f6glichkeit zum Austausch<\/p>\n\n\n\n<h3 class=\"wp-block-heading\">29. Mai, Montag \u2013 \u00a0 Begegnung und Kulturprogramm<\/h3>\n\n\n\n<p>10.00 \u2013 Spaziergang durch den Bergpark Wilhelmsh\u00f6he<\/p>\n\n\n\n<p>13.30 \u2013 Mittagessen am Rothenberg, F\u00fchrung und Vorstellung der Ukrainehilfe<\/p>\n\n\n\n<p>18.00&nbsp;\u2013 Abschlusspicknick<\/p>\n\n\n\n<p>Teilnahmebedingungen:<\/p>\n\n\n\n<p>Die Teilnahme an der Veranstaltung ist kostenfrei. Wir bitten nur um die Zahlung einer Verpflegungs- und Getr\u00e4nkepauschale in H\u00f6he von 12,00 \u20ac pro Tag. Die polnischen und ukrainischen G\u00e4ste sind davon befreit.<\/p>\n\n\n\n<p>F\u00fcr ausw\u00e4rtige G\u00e4ste besteht die M\u00f6glichkeit einer kostenfreien \u00dcbernachtung in Gastfamilien.<\/p>\n\n\n\n<p>Die Veranstaltung findet auf Deutsch, Polnisch und Ukrainisch statt. Alle Programmpunkte werden simultan gedolmetscht.<\/p>\n\n\n\n<p>Wir bitten um eine Anmeldung bis zum 20.05.2023 an die Adresse kassel@eu-hessen.de<\/p>\n","protected":false},"excerpt":{"rendered":"<p>Das Projekt wird gef\u00f6rdert im Rahmen des Programms \u201eZukunftsbr\u00fccken f\u00fcr Ukraine\u201c der Stiftung f\u00fcr Deutsch-Polnische Zusammenarbeit Das Projekt \u201eEuropa\u201c lebt von Begegnungen, die gegenseitiges Kennenlernen, kulturellen Austausch und Aufbau von Beziehungen jeglicher Art zwischen europ\u00e4ischen B\u00fcrgern erm\u00f6glichen. Die R\u00fcckkehr bzw. die Aufnahme der Ukraine in die europ\u00e4ische Familie ist mit vielen Herausforderungen verbunden. Dabei ist [&hellip;]<\/p>\n","protected":false},"author":2,"featured_media":0,"comment_status":"closed","ping_status":"closed","sticky":false,"template":"","format":"standard","meta":{"footnotes":""},"categories":[30],"tags":[],"class_list":["post-3891","post","type-post","status-publish","format-standard","hentry","category-aktuelles"],"_links":{"self":[{"href":"https:\/\/kassel-ebb.eu\/de\/wp-json\/wp\/v2\/posts\/3891","targetHints":{"allow":["GET"]}}],"collection":[{"href":"https:\/\/kassel-ebb.eu\/de\/wp-json\/wp\/v2\/posts"}],"about":[{"href":"https:\/\/kassel-ebb.eu\/de\/wp-json\/wp\/v2\/types\/post"}],"author":[{"embeddable":true,"href":"https:\/\/kassel-ebb.eu\/de\/wp-json\/wp\/v2\/users\/2"}],"replies":[{"embeddable":true,"href":"https:\/\/kassel-ebb.eu\/de\/wp-json\/wp\/v2\/comments?post=3891"}],"version-history":[{"count":0,"href":"https:\/\/kassel-ebb.eu\/de\/wp-json\/wp\/v2\/posts\/3891\/revisions"}],"wp:attachment":[{"href":"https:\/\/kassel-ebb.eu\/de\/wp-json\/wp\/v2\/media?parent=3891"}],"wp:term":[{"taxonomy":"category","embeddable":true,"href":"https:\/\/kassel-ebb.eu\/de\/wp-json\/wp\/v2\/categories?post=3891"},{"taxonomy":"post_tag","embeddable":true,"href":"https:\/\/kassel-ebb.eu\/de\/wp-json\/wp\/v2\/tags?post=3891"}],"curies":[{"name":"wp","href":"https:\/\/api.w.org\/{rel}","templated":true}]}}