{"id":373,"date":"2019-10-20T13:12:18","date_gmt":"2019-10-20T11:12:18","guid":{"rendered":"https:\/\/dev-eb2.abraxis-kassel.de\/?p=373"},"modified":"2019-10-20T13:17:41","modified_gmt":"2019-10-20T11:17:41","slug":"esperanto-und-europa","status":"publish","type":"post","link":"https:\/\/kassel-ebb.eu\/de\/2019\/10\/esperanto-und-europa\/","title":{"rendered":"Esperanto und Europa"},"content":{"rendered":"\n<h4 class=\"wp-block-heading\">Ressort &#8222;Bildung und Sprache&#8220;<\/h4>\n\n\n\n<p><strong>Jeder sollte mindestens zwei Sprachen sprechen, seine Muttersprache und Esperanto.<\/strong><\/p>\n\n\n\n<p>Als neutrale internationale Sprache kann Esperanto als zweite Sprache f\u00fcr alle die Integration und Solidarit\u00e4t der Europ\u00e4er entscheidend st\u00e4rken. Im Unterschied zu allen ethnischen Sprachen wird Esperanto auf pers\u00f6nlicher und politischer Ebene der B\u00fcrger verstanden als die beste Kommunikations- und Verst\u00e4ndigungsm\u00f6glichkeit f\u00fcr reale Transkulturalit\u00e4t, demokratische Zweisprachigkeit und \u00f6kologische Konformit\u00e4t. Der Workshop soll ein Informations- und Lernforum f\u00fcr diese Sprache sein. Deren Kompetenz, Anwendbarkeit und aktuelle Anwendung werden vorgestellt \u2013aus der Sicht von aktiven Esperantosprechern und unter  dem Blickwinkel einer Integration in die Sprachenpolitik der Europ\u00e4ischen Union.<\/p>\n\n\n\n<h4 class=\"wp-block-heading\">Veranstaltungsort: R\u00e4ume der kulturinitative Harleshausen (KIH) <br>Kassel-Harleshausen, Karlshafener Stra\u00dfe 2 (am Ossenplatz)<\/h4>\n\n\n\n<p><strong>Modul 1 &#8211; Freitag, 18. September 2020, 10:00-13:00 Uhr<\/strong><\/p>\n\n\n\n<ul class=\"wp-block-list\"><li><strong>M1.1. Warum verbreitet sich Esperanto?<\/strong><br>Aktuelle Perspektiven der neutralen internationalen Sprache<br>Vortrag mit Diskusion, ca. 2 Stunden<\/li><li><strong>M1.2. Esperanto &#8211; neutrale internatinale Sprache als Zweitsprache f\u00fcr alle <\/strong><br>Kurzvorstellung mit Film, ca. 1 Stunde<\/li><\/ul>\n\n\n\n<p><strong>Modul 2 &#8211; Freitag 18. September 2020, 14:30 &#8211; 18:00 Uhr<\/strong><\/p>\n\n\n\n<ul class=\"wp-block-list\"><li><strong>M2. Esperanto und die Sprachplotik der Europ\u00e4ischen Union<\/strong><br>Vortrag mit Diskussion<\/li><\/ul>\n\n\n\n<p><strong>Modul 3 &#8211; Samstag 19. September 2020, 10:00 &#8211; 13:00 Uhr<\/strong><\/p>\n\n\n\n<ul class=\"wp-block-list\"><li><strong>M3. Expresskurs Esperanto<\/strong><br>Sprachkurs, Anwendungsm\u00f6glichkeiten und Diskussion<\/li><\/ul>\n\n\n\n<p><strong>Kontakt zum Organisator<\/strong><\/p>\n\n\n\n<ul class=\"wp-block-list\"><li><strong>Wolfgang G\u00fcnther<\/strong> (Esperanto-Rondo in der Kulturinitiative Harleshausen, Kassel)    <br>Wilhelmsh\u00f6her Weg 11, 34128 Kassel, 0561 \u2013 921 982 02, w.guenther.esperanto@web.de<\/li><li><strong>Kulturinitiative Harleshausen e.V. KIH<\/strong> <br>Karlshafener Str. 2, 34128 Kassel, 0561 \u2013 88 71 60, kih-kassel@gmx.de, www.kih-kassel.de<\/li><\/ul>\n","protected":false},"excerpt":{"rendered":"<p>Ressort &#8222;Bildung und Sprache&#8220; Jeder sollte mindestens zwei Sprachen sprechen, seine Muttersprache und Esperanto. Als neutrale internationale Sprache kann Esperanto als zweite Sprache f\u00fcr alle die Integration und Solidarit\u00e4t der Europ\u00e4er entscheidend st\u00e4rken. Im Unterschied zu allen ethnischen Sprachen wird Esperanto auf pers\u00f6nlicher und politischer Ebene der B\u00fcrger verstanden als die beste Kommunikations- und Verst\u00e4ndigungsm\u00f6glichkeit [&hellip;]<\/p>\n","protected":false},"author":2,"featured_media":0,"comment_status":"open","ping_status":"closed","sticky":false,"template":"","format":"standard","meta":{"footnotes":""},"categories":[9],"tags":[],"class_list":["post-373","post","type-post","status-publish","format-standard","hentry","category-uncategorized-de"],"_links":{"self":[{"href":"https:\/\/kassel-ebb.eu\/de\/wp-json\/wp\/v2\/posts\/373","targetHints":{"allow":["GET"]}}],"collection":[{"href":"https:\/\/kassel-ebb.eu\/de\/wp-json\/wp\/v2\/posts"}],"about":[{"href":"https:\/\/kassel-ebb.eu\/de\/wp-json\/wp\/v2\/types\/post"}],"author":[{"embeddable":true,"href":"https:\/\/kassel-ebb.eu\/de\/wp-json\/wp\/v2\/users\/2"}],"replies":[{"embeddable":true,"href":"https:\/\/kassel-ebb.eu\/de\/wp-json\/wp\/v2\/comments?post=373"}],"version-history":[{"count":0,"href":"https:\/\/kassel-ebb.eu\/de\/wp-json\/wp\/v2\/posts\/373\/revisions"}],"wp:attachment":[{"href":"https:\/\/kassel-ebb.eu\/de\/wp-json\/wp\/v2\/media?parent=373"}],"wp:term":[{"taxonomy":"category","embeddable":true,"href":"https:\/\/kassel-ebb.eu\/de\/wp-json\/wp\/v2\/categories?post=373"},{"taxonomy":"post_tag","embeddable":true,"href":"https:\/\/kassel-ebb.eu\/de\/wp-json\/wp\/v2\/tags?post=373"}],"curies":[{"name":"wp","href":"https:\/\/api.w.org\/{rel}","templated":true}]}}