{"id":2840,"date":"2022-05-29T11:21:16","date_gmt":"2022-05-29T09:21:16","guid":{"rendered":"https:\/\/dev-eb2.abraxis-kassel.de\/?p=2840"},"modified":"2022-05-29T11:22:26","modified_gmt":"2022-05-29T09:22:26","slug":"2-groses-vorbereitungstreffen-einladung-zum-mitmachen","status":"publish","type":"post","link":"https:\/\/kassel-ebb.eu\/de\/2022\/05\/2-groses-vorbereitungstreffen-einladung-zum-mitmachen\/","title":{"rendered":"2. Gro\u00dfes Vorbereitungstreffen \u2013 Einladung zum Mitmachen"},"content":{"rendered":"\n<p>WANN? \u2013 Dienstag, den <strong>14.6.2022, <\/strong>18 Uhr<\/p>\n\n\n\n<p>WO? \u2013 <strong>Stadtteilzentrum Vorderer Westen, <\/strong>Friedenskirche, Elfbuchenstr. 3, 34114 Kassel<\/p>\n\n\n\n<div data-wp-interactive=\"core\/file\" class=\"wp-block-file\"><object data-wp-bind--hidden=\"!state.hasPdfPreview\" hidden class=\"wp-block-file__embed\" data=\"https:\/\/kassel-ebb.eu\/wp-content\/uploads\/2022\/05\/Europaische-Burgerbegegnung2.-Groses-Vorbereitungstreffen-14.6.2022.pdf\" type=\"application\/pdf\" style=\"width:100%;height:600px\" aria-label=\"Einbettung von Embed of Flyer zum 2. Gro\u00dfen Vorbereitunstreffen 2022..\"><\/object><a id=\"wp-block-file--media-173d0b1d-51bc-4ca7-ab45-34dc0c425b08\" href=\"https:\/\/kassel-ebb.eu\/wp-content\/uploads\/2022\/05\/Europaische-Burgerbegegnung2.-Groses-Vorbereitungstreffen-14.6.2022.pdf\">Flyer zum 2. Gro\u00dfen Vorbereitunstreffen 2022<\/a><a href=\"https:\/\/kassel-ebb.eu\/wp-content\/uploads\/2022\/05\/Europaische-Burgerbegegnung2.-Groses-Vorbereitungstreffen-14.6.2022.pdf\" class=\"wp-block-file__button\" download aria-describedby=\"wp-block-file--media-173d0b1d-51bc-4ca7-ab45-34dc0c425b08\">Download<\/a><\/div>\n\n\n\n<p>Liebe B\u00fcrgerinnen und B\u00fcrger der Stadt und des Landkreises Kassel,<\/p>\n\n\n\n<p>Vom <strong>1. bis 4. September 2022<\/strong> findet die 2. Europ\u00e4ische B\u00fcrgerbegegnung (EBB) in Kassel statt. Sie wird erneut von der <em>Europa-Union Kassel<\/em>, einer \u00fcberparteilichen Vereinigung f\u00fcr ein vereintes Europa sowie der B\u00fcrgerbewegung f\u00fcr Europa, <em>Pulse of Europe<\/em> in Kooperation mit vielen anderen veranstaltet.<\/p>\n\n\n\n<p>Die Vorbereitungen laufen auf vollen Touren.<\/p>\n\n\n\n<p><strong>Wir laden Sie ganz herzliche ein<\/strong>, bei <strong>den Vorbereitungen mitzumachen<\/strong>.<\/p>\n\n\n\n<p>Wir brauchen Sie! Der Erfolgt davon ab, dass viele mitgestalten.<\/p>\n\n\n\n<p>Das <strong>Herzst\u00fcck <\/strong>der<strong> EBB<\/strong> sind die <strong>Workshops (Aktivit\u00e4ten).<\/strong> Ein Workshop hat ca. 10-20 Teilnehmer aus mindestens zwei europ\u00e4ischen L\u00e4ndern. Jeder Workshop steht unter einem bestimmten Thema. Thema\/Inhalt kann alles sein, was uns B\u00fcrgerInnen interessiert oder unsere Hobbys sind. Denn <strong>alles <\/strong>hat europ\u00e4ische Aspekte (Sport, Musik, Politik, Klimaschutz, Parteien, Essen, Bildung, Berufe, Fl\u00fcchtlingshilfe\u2026 einfach alles). Jeder und jede \u2013 <strong>Einzelpersonen, Gruppen, Vereine, Schulen, Gemeinden<\/strong> etc. \u2013 sind eingeladen, einen Workshop\/Aktivit\u00e4ten anzubieten.<\/p>\n\n\n\n<p>Daneben geht es vor allem darum, private <strong>\u00dcbernachtungspl\u00e4tze <\/strong>in Familien etc. zu organisieren, ehrenamtliche <strong>Dolmetscher\/\u00dcbersetzer <\/strong>zu finden, weitere <strong>Kontakte in<\/strong> <strong>andere EU-L\u00e4nder<\/strong> zu aktivieren und <strong>deutsche TeilnehmerInnen<\/strong> f\u00fcr die verschiedenen Workshops zu gewinnen.<\/p>\n\n\n\n<p>Das Vereinte Europa steht unter Druck. Wir B\u00fcrgerInnen aus den L\u00e4ndern Europas m\u00fcssen jetzt erst Recht zusammen halten. Daf\u00fcr m\u00fcssen wir uns pers\u00f6nlich kennen lernen und begegnen.&nbsp;<\/p>\n\n\n\n<p>Bitte <strong>kommen<\/strong> Sie am Dienstag, den 14.6.2022, und bringen Sie Freunde und Bekannte mit! Machen auch Sie die EBB bekannt.<\/p>\n\n\n\n<p><em><strong>Wir freuen uns auf Sie! <\/strong><\/em><em><strong>Europa braucht uns alle!<\/strong><\/em><\/p>\n","protected":false},"excerpt":{"rendered":"<p>WANN? \u2013 Dienstag, den 14.6.2022, 18 Uhr WO? \u2013 Stadtteilzentrum Vorderer Westen, Friedenskirche, Elfbuchenstr. 3, 34114 Kassel Liebe B\u00fcrgerinnen und B\u00fcrger der Stadt und des Landkreises Kassel, Vom 1. bis 4. September 2022 findet die 2. Europ\u00e4ische B\u00fcrgerbegegnung (EBB) in Kassel statt. Sie wird erneut von der Europa-Union Kassel, einer \u00fcberparteilichen Vereinigung f\u00fcr ein vereintes [&hellip;]<\/p>\n","protected":false},"author":2,"featured_media":0,"comment_status":"closed","ping_status":"closed","sticky":false,"template":"","format":"standard","meta":{"footnotes":""},"categories":[30],"tags":[],"class_list":["post-2840","post","type-post","status-publish","format-standard","hentry","category-aktuelles"],"_links":{"self":[{"href":"https:\/\/kassel-ebb.eu\/de\/wp-json\/wp\/v2\/posts\/2840","targetHints":{"allow":["GET"]}}],"collection":[{"href":"https:\/\/kassel-ebb.eu\/de\/wp-json\/wp\/v2\/posts"}],"about":[{"href":"https:\/\/kassel-ebb.eu\/de\/wp-json\/wp\/v2\/types\/post"}],"author":[{"embeddable":true,"href":"https:\/\/kassel-ebb.eu\/de\/wp-json\/wp\/v2\/users\/2"}],"replies":[{"embeddable":true,"href":"https:\/\/kassel-ebb.eu\/de\/wp-json\/wp\/v2\/comments?post=2840"}],"version-history":[{"count":0,"href":"https:\/\/kassel-ebb.eu\/de\/wp-json\/wp\/v2\/posts\/2840\/revisions"}],"wp:attachment":[{"href":"https:\/\/kassel-ebb.eu\/de\/wp-json\/wp\/v2\/media?parent=2840"}],"wp:term":[{"taxonomy":"category","embeddable":true,"href":"https:\/\/kassel-ebb.eu\/de\/wp-json\/wp\/v2\/categories?post=2840"},{"taxonomy":"post_tag","embeddable":true,"href":"https:\/\/kassel-ebb.eu\/de\/wp-json\/wp\/v2\/tags?post=2840"}],"curies":[{"name":"wp","href":"https:\/\/api.w.org\/{rel}","templated":true}]}}