{"id":2366,"date":"2022-02-09T17:20:05","date_gmt":"2022-02-09T15:20:05","guid":{"rendered":"https:\/\/dev-eb2.abraxis-kassel.de\/?p=2366"},"modified":"2022-02-13T16:44:15","modified_gmt":"2022-02-13T14:44:15","slug":"fortbildung-fur-lehrerinnen-und-lehrer-in-danzig-23-03-27-03","status":"publish","type":"post","link":"https:\/\/kassel-ebb.eu\/de\/2022\/02\/fortbildung-fur-lehrerinnen-und-lehrer-in-danzig-23-03-27-03\/","title":{"rendered":"Fortbildung &#8222;Geschichte im Dialog&#8220; f\u00fcr Lehrende und Arbeitende im Jugendbereich in Danzig, 23.03. &#8211; 27.03."},"content":{"rendered":"\n<h2 class=\"wp-block-heading\">Europ\u00e4ische Geschichte im Deutsch-Polnischen Dialog<\/h2>\n\n\n\n<p><strong><a href=\"https:\/\/kassel-ebb.eu\/wp-content\/uploads\/2022\/02\/Geschichte-im-Dialog-Programm-und-Anmeldeformular.pdf\">Zum Flyer<\/a><\/strong><\/p>\n\n\n\n<p>Der Workshop \u201eGeschichte im Dialog\u201d f\u00fcr interessierte deutsche und polnische GeschichtslehrerInnen findet im Europ\u00e4ischen Solidarno\u015b\u0107 Centrum in Danzig statt. In Danzig &#8211; in der Stadt der Freiheit und Solidarit\u00e4t &#8211; hat Polen in den 80er Jahren europ\u00e4ische Geschichte geschrieben. Ein idealer Standort, an dem man gemeinsam \u00fcber dialogische Erinnerungskulturen im europ\u00e4ischen Kontext nachdenken und diskutieren sollte.<br><strong>Die Konzeption dieses Workshops basiert auf vier S\u00e4ulen:<br>1. Unterrichtseinsatz des innovativen binationalen Geschichtsbuchs:\u201c Europa. Unsere Geschichte\u201c<br>2. Museumsp\u00e4dagogische Aktivit\u00e4ten<br>3. Begegnungen mit Zeitzeugen<br>4. DPJW &#8211; Kontaktb\u00f6rse, praktische Aspekte des Jugendaustausches<\/strong><\/p>\n\n\n\n<h4 class=\"wp-block-heading\">Allgemeine Informationen:<\/h4>\n\n\n\n<ul class=\"wp-block-list\"><li>Termin: 23. &#8211; 27. M\u00e4rz 2022<\/li><li>Ort: Gda\u0144sk, Europ\u00e4isches Solidarno\u015b\u0107 Centrum \/ECS=Europejskie Centrum Solidarno\u015bci \/Plac Solidarno\u015bci 1<\/li><li>Referenten: Prof. Dr. Robert Traba &#8211; polnischer Historiker und Politikwissenschaftler <br>Agnieszka Pi\u00f3rkowska &#8211; Museumsp\u00e4dagogin, Kuratorin im ECS<br>Ma\u0142gorzata Chachaj &#8211; Fortbildnerin; Schwerpunkt &#8211; Interkulturelle Kompetenz<br>Piotr Zubowicz &#8211; Senior-Fachkraft f\u00fcr Lehrerfortbildung im CEN Gda\u0144sk<\/li><li>Schirmherrin: Generalkonsulin Cornelia Pieper in Danzig<\/li><li>Kosten: ca. 150 Euro Eigenanteil<\/li><li>Unterkunft: Hostel \u201eFlip\u201c in unmitelbarer N\u00e4he des ECS<\/li><li>Anreise: mit der Bahn, Umstieg in Berlin, Dauer &#8211; \u00fcber 8 Stunden<\/li><\/ul>\n\n\n\n<p>Weitere Informationen sind im Flyer zu finden. <\/p>\n\n\n\n<div class=\"wp-block-file\"><a href=\"https:\/\/kassel-ebb.eu\/wp-content\/uploads\/2022\/02\/Geschichte-im-Dialog-Programm-und-Anmeldeformular.pdf\">Geschichte im Dialog Programm und Anmeldeformular<\/a><a href=\"https:\/\/kassel-ebb.eu\/wp-content\/uploads\/2022\/02\/Geschichte-im-Dialog-Programm-und-Anmeldeformular.pdf\" class=\"wp-block-file__button\" download>Download<\/a><\/div>\n\n\n\n<figure class=\"wp-block-gallery columns-3 is-cropped wp-block-gallery-1 is-layout-flex wp-block-gallery-is-layout-flex\"><ul class=\"blocks-gallery-grid\"><li class=\"blocks-gallery-item\"><figure><img loading=\"lazy\" decoding=\"async\" width=\"1024\" height=\"230\" src=\"https:\/\/kassel-ebb.eu\/wp-content\/uploads\/2022\/02\/Logo-DPJW-JPG-flach-1024x230.jpg\" alt=\"\" data-id=\"2378\" data-full-url=\"https:\/\/kassel-ebb.eu\/wp-content\/uploads\/2022\/02\/Logo-DPJW-JPG-flach-scaled.jpg\" data-link=\"https:\/\/kassel-ebb.eu\/?attachment_id=2378\" class=\"wp-image-2378\" srcset=\"https:\/\/kassel-ebb.eu\/wp-content\/uploads\/2022\/02\/Logo-DPJW-JPG-flach-1024x230.jpg 1024w, https:\/\/kassel-ebb.eu\/wp-content\/uploads\/2022\/02\/Logo-DPJW-JPG-flach-300x67.jpg 300w, https:\/\/kassel-ebb.eu\/wp-content\/uploads\/2022\/02\/Logo-DPJW-JPG-flach-768x172.jpg 768w, https:\/\/kassel-ebb.eu\/wp-content\/uploads\/2022\/02\/Logo-DPJW-JPG-flach-1536x344.jpg 1536w, https:\/\/kassel-ebb.eu\/wp-content\/uploads\/2022\/02\/Logo-DPJW-JPG-flach-2048x459.jpg 2048w, https:\/\/kassel-ebb.eu\/wp-content\/uploads\/2022\/02\/Logo-DPJW-JPG-flach-1600x359.jpg 1600w, https:\/\/kassel-ebb.eu\/wp-content\/uploads\/2022\/02\/Logo-DPJW-JPG-flach-1320x296.jpg 1320w\" sizes=\"auto, (max-width: 1024px) 100vw, 1024px\" \/><\/figure><\/li><li class=\"blocks-gallery-item\"><figure><img loading=\"lazy\" decoding=\"async\" width=\"1024\" height=\"438\" src=\"https:\/\/kassel-ebb.eu\/wp-content\/uploads\/2022\/02\/logo_ECS-1024x438.jpg\" alt=\"\" data-id=\"2379\" data-full-url=\"https:\/\/kassel-ebb.eu\/wp-content\/uploads\/2022\/02\/logo_ECS.jpg\" data-link=\"https:\/\/kassel-ebb.eu\/?attachment_id=2379\" class=\"wp-image-2379\" srcset=\"https:\/\/kassel-ebb.eu\/wp-content\/uploads\/2022\/02\/logo_ECS-1024x438.jpg 1024w, https:\/\/kassel-ebb.eu\/wp-content\/uploads\/2022\/02\/logo_ECS-300x128.jpg 300w, https:\/\/kassel-ebb.eu\/wp-content\/uploads\/2022\/02\/logo_ECS-768x329.jpg 768w, https:\/\/kassel-ebb.eu\/wp-content\/uploads\/2022\/02\/logo_ECS-1536x657.jpg 1536w, https:\/\/kassel-ebb.eu\/wp-content\/uploads\/2022\/02\/logo_ECS-1600x685.jpg 1600w, https:\/\/kassel-ebb.eu\/wp-content\/uploads\/2022\/02\/logo_ECS-1320x565.jpg 1320w, https:\/\/kassel-ebb.eu\/wp-content\/uploads\/2022\/02\/logo_ECS.jpg 1825w\" sizes=\"auto, (max-width: 1024px) 100vw, 1024px\" \/><\/figure><\/li><li class=\"blocks-gallery-item\"><figure><img loading=\"lazy\" decoding=\"async\" width=\"1024\" height=\"475\" src=\"https:\/\/kassel-ebb.eu\/wp-content\/uploads\/2022\/02\/Logo-SWBP-1024x475.jpg\" alt=\"\" data-id=\"2381\" data-full-url=\"https:\/\/kassel-ebb.eu\/wp-content\/uploads\/2022\/02\/Logo-SWBP.jpg\" data-link=\"https:\/\/kassel-ebb.eu\/?attachment_id=2381\" class=\"wp-image-2381\" srcset=\"https:\/\/kassel-ebb.eu\/wp-content\/uploads\/2022\/02\/Logo-SWBP-1024x475.jpg 1024w, https:\/\/kassel-ebb.eu\/wp-content\/uploads\/2022\/02\/Logo-SWBP-300x139.jpg 300w, https:\/\/kassel-ebb.eu\/wp-content\/uploads\/2022\/02\/Logo-SWBP-768x357.jpg 768w, https:\/\/kassel-ebb.eu\/wp-content\/uploads\/2022\/02\/Logo-SWBP-1320x613.jpg 1320w, https:\/\/kassel-ebb.eu\/wp-content\/uploads\/2022\/02\/Logo-SWBP.jpg 1400w\" sizes=\"auto, (max-width: 1024px) 100vw, 1024px\" \/><\/figure><\/li><li class=\"blocks-gallery-item\"><figure><img loading=\"lazy\" decoding=\"async\" width=\"587\" height=\"213\" src=\"https:\/\/kassel-ebb.eu\/wp-content\/uploads\/2022\/02\/Logo-Europa-Union-Neu.png\" alt=\"\" data-id=\"2380\" data-full-url=\"https:\/\/kassel-ebb.eu\/wp-content\/uploads\/2022\/02\/Logo-Europa-Union-Neu.png\" data-link=\"https:\/\/kassel-ebb.eu\/?attachment_id=2380\" class=\"wp-image-2380\" srcset=\"https:\/\/kassel-ebb.eu\/wp-content\/uploads\/2022\/02\/Logo-Europa-Union-Neu.png 587w, https:\/\/kassel-ebb.eu\/wp-content\/uploads\/2022\/02\/Logo-Europa-Union-Neu-300x109.png 300w\" sizes=\"auto, (max-width: 587px) 100vw, 587px\" \/><\/figure><\/li><\/ul><\/figure>\n","protected":false},"excerpt":{"rendered":"<p>Europ\u00e4ische Geschichte im Deutsch-Polnischen Dialog Zum Flyer Der Workshop \u201eGeschichte im Dialog\u201d f\u00fcr interessierte deutsche und polnische GeschichtslehrerInnen findet im Europ\u00e4ischen Solidarno\u015b\u0107 Centrum in Danzig statt. In Danzig &#8211; in der Stadt der Freiheit und Solidarit\u00e4t &#8211; hat Polen in den 80er Jahren europ\u00e4ische Geschichte geschrieben. Ein idealer Standort, an dem man gemeinsam \u00fcber dialogische [&hellip;]<\/p>\n","protected":false},"author":2,"featured_media":0,"comment_status":"closed","ping_status":"closed","sticky":false,"template":"","format":"standard","meta":{"footnotes":""},"categories":[30],"tags":[],"class_list":["post-2366","post","type-post","status-publish","format-standard","hentry","category-aktuelles"],"_links":{"self":[{"href":"https:\/\/kassel-ebb.eu\/de\/wp-json\/wp\/v2\/posts\/2366","targetHints":{"allow":["GET"]}}],"collection":[{"href":"https:\/\/kassel-ebb.eu\/de\/wp-json\/wp\/v2\/posts"}],"about":[{"href":"https:\/\/kassel-ebb.eu\/de\/wp-json\/wp\/v2\/types\/post"}],"author":[{"embeddable":true,"href":"https:\/\/kassel-ebb.eu\/de\/wp-json\/wp\/v2\/users\/2"}],"replies":[{"embeddable":true,"href":"https:\/\/kassel-ebb.eu\/de\/wp-json\/wp\/v2\/comments?post=2366"}],"version-history":[{"count":0,"href":"https:\/\/kassel-ebb.eu\/de\/wp-json\/wp\/v2\/posts\/2366\/revisions"}],"wp:attachment":[{"href":"https:\/\/kassel-ebb.eu\/de\/wp-json\/wp\/v2\/media?parent=2366"}],"wp:term":[{"taxonomy":"category","embeddable":true,"href":"https:\/\/kassel-ebb.eu\/de\/wp-json\/wp\/v2\/categories?post=2366"},{"taxonomy":"post_tag","embeddable":true,"href":"https:\/\/kassel-ebb.eu\/de\/wp-json\/wp\/v2\/tags?post=2366"}],"curies":[{"name":"wp","href":"https:\/\/api.w.org\/{rel}","templated":true}]}}