{"id":2043,"date":"2021-07-21T18:25:39","date_gmt":"2021-07-21T16:25:39","guid":{"rendered":"https:\/\/dev-eb2.abraxis-kassel.de\/?p=2043"},"modified":"2021-07-21T18:25:41","modified_gmt":"2021-07-21T16:25:41","slug":"brandaktuell-zerstoren-die-verfassungsgerichte-die-eu-23-7-2021","status":"publish","type":"post","link":"https:\/\/kassel-ebb.eu\/de\/2021\/07\/brandaktuell-zerstoren-die-verfassungsgerichte-die-eu-23-7-2021\/","title":{"rendered":"Brandaktuell! Zerst\u00f6ren die Verfassungsgerichte die EU? 23.7.2021"},"content":{"rendered":"\n<p>Letzte Woche hat das <strong>polnische Verfassungsgericht <\/strong>entschieden, dass das <strong>polnische Verfassungsrecht <\/strong>dem <strong>Europ\u00e4ischen Recht<\/strong> vorgeht. Es folgt damit dem <strong>deutschen Bundesverfassungsgericht.<\/strong> Dieses hat am 5. Mai 2020 erstmalig die Rechtsprechung des Europ\u00e4ischen Gerichtshofs als nicht bindend eingestuft. Damit steht die Europ\u00e4ische Integration unter Extremdruck.<\/p>\n\n\n\n<p>Was ist jetzt zu tun? Dar\u00fcber wollen wir mit Ihnen und Euch diskutieren!<\/p>\n\n\n\n<p><br>Veranstalter: Europa-Union Kassel, Europ\u00e4ische B\u00fcrgerbegegnung<br>Wann: Freitag, 23.7.2021 um 18 Uhr<br>Wo: online; die Einloggdaten sind hier:<\/p>\n\n\n\n<p><a href=\"https:\/\/hs-osnabrueck.zoom.us\/j\/94948164235?pwd=anA4QVE4TVlmcVQ4SldzbGEyTTBLZz09\">https:\/\/hs-osnabrueck.zoom.us\/j\/94948164235?pwd=anA4QVE4TVlmcVQ4SldzbGEyTTBLZz09<\/a><\/p>\n\n\n\n<p>Meeting-ID: 949 4816 4235<\/p>\n\n\n\n<p>Kenncode: 816775<\/p>\n\n\n\n<p>Es sind keine Vorkenntnisse erforderlich. Einen kurzen Impulsvortrag h\u00e4lt unsere Expertin Marie-Sophie Herrlein, BA. Der Vortrag ist allgemeinverst\u00e4ndlich. Jeder und jede sind eingeladen. Alle k\u00f6nnen mit diskutieren.<\/p>\n","protected":false},"excerpt":{"rendered":"<p>Letzte Woche hat das polnische Verfassungsgericht entschieden, dass das polnische Verfassungsrecht dem Europ\u00e4ischen Recht vorgeht. Es folgt damit dem deutschen Bundesverfassungsgericht. Dieses hat am 5. Mai 2020 erstmalig die Rechtsprechung des Europ\u00e4ischen Gerichtshofs als nicht bindend eingestuft. Damit steht die Europ\u00e4ische Integration unter Extremdruck. Was ist jetzt zu tun? Dar\u00fcber wollen wir mit Ihnen und [&hellip;]<\/p>\n","protected":false},"author":2,"featured_media":0,"comment_status":"closed","ping_status":"closed","sticky":false,"template":"","format":"standard","meta":{"footnotes":""},"categories":[30],"tags":[],"class_list":["post-2043","post","type-post","status-publish","format-standard","hentry","category-aktuelles"],"_links":{"self":[{"href":"https:\/\/kassel-ebb.eu\/de\/wp-json\/wp\/v2\/posts\/2043","targetHints":{"allow":["GET"]}}],"collection":[{"href":"https:\/\/kassel-ebb.eu\/de\/wp-json\/wp\/v2\/posts"}],"about":[{"href":"https:\/\/kassel-ebb.eu\/de\/wp-json\/wp\/v2\/types\/post"}],"author":[{"embeddable":true,"href":"https:\/\/kassel-ebb.eu\/de\/wp-json\/wp\/v2\/users\/2"}],"replies":[{"embeddable":true,"href":"https:\/\/kassel-ebb.eu\/de\/wp-json\/wp\/v2\/comments?post=2043"}],"version-history":[{"count":0,"href":"https:\/\/kassel-ebb.eu\/de\/wp-json\/wp\/v2\/posts\/2043\/revisions"}],"wp:attachment":[{"href":"https:\/\/kassel-ebb.eu\/de\/wp-json\/wp\/v2\/media?parent=2043"}],"wp:term":[{"taxonomy":"category","embeddable":true,"href":"https:\/\/kassel-ebb.eu\/de\/wp-json\/wp\/v2\/categories?post=2043"},{"taxonomy":"post_tag","embeddable":true,"href":"https:\/\/kassel-ebb.eu\/de\/wp-json\/wp\/v2\/tags?post=2043"}],"curies":[{"name":"wp","href":"https:\/\/api.w.org\/{rel}","templated":true}]}}