{"id":1916,"date":"2021-03-27T17:38:55","date_gmt":"2021-03-27T15:38:55","guid":{"rendered":"https:\/\/dev-eb2.abraxis-kassel.de\/?p=1916"},"modified":"2021-03-27T17:46:02","modified_gmt":"2021-03-27T15:46:02","slug":"vergessene-schicksale-gefluchtete-an-europas-grenzen","status":"publish","type":"post","link":"https:\/\/kassel-ebb.eu\/de\/2021\/03\/vergessene-schicksale-gefluchtete-an-europas-grenzen\/","title":{"rendered":"Vergessene Schicksale: Gefl\u00fcchtete an Europas Grenzen"},"content":{"rendered":"\n<p>Die katastrophale Situation in griechischen Fl\u00fcchtlingslagern, insbesondere Kara Tepe auf Lesbos, darf gerade in Pandemie Zeiten nicht aus dem Blick geraten. <a href=\"https:\/\/www.europa-union-kassel.de\/aktuelles\/rueckblick\/2020#flucht1\" target=\"_blank\" rel=\"noreferrer noopener\">Neben klaren Forderungen<\/a>&nbsp; <a href=\"https:\/\/www.europa-union-kassel.de\/aktuelles\/rueckblick\/2020#flucht2\" target=\"_blank\" rel=\"noreferrer noopener\">zur weiteren Aufnahme Schutzbed\u00fcrftiger in der EU<\/a> und der Unterst\u00fctzung von Appellen an die Politik wie z.B. dem \u00bbWeihnachtsappell\u00ab von 243 Abgeordneten an die Bundesregierung, m\u00f6chte die Europa Union Kassel aktuell die Situation in den Lagern verdeutlichen, Ma\u00dfnahmen zur \u00dcberwindung der Situation diskutieren und einen konkreten Weg der Hilfe insbesondere f\u00fcr Kinder und Jugendliche auf der griechischen Insel Lesbos aufzeigen.<\/p>\n\n\n\n<p>In Kassel ist der \u201e<a href=\"https:\/\/www.freundeskreis-kinder-in-not.de\/\" target=\"_blank\" rel=\"noreferrer noopener\">Freundeskreis f\u00fcr Kinder in Not e.V.<\/a>\u201c aktiv, der seit 2018 ein Hilfsprojekt f\u00fcr gefl\u00fcchtete Kinder und Jugendliche auf Lesbos unterst\u00fctzt. Den Vorsitzenden des Freundeskreises, Otmar Leibold, bewegt die f\u00fcr Gefl\u00fcchtete unertr\u00e4gliche, unmenschliche Situation und \u201edas gewollte Wegsehen der EU sowie der Berliner Regierung\u201c! Nach seiner Einsch\u00e4tzung ist \u201estete politische Aufkl\u00e4rung &#8211; durch humanit\u00e4re Hilfe&#8220; notwendig. Hier bietet die Europa Union Kassel Hilfe an und l\u00e4dt mit dem Verein zu einer Online-Veranstaltung ein, in der Alice Kleinschmidt (borderline europe e.V.) zugeschaltet wird und direkt \u00fcber die Situation vor Ort informiert.<\/p>\n\n\n\n<p>Der stellvertretende Vorsitzende der Europa-Union Kassel, Lukas Kiepe, w\u00fcnscht sich eine menschliche Fl\u00fcchtlingspolitik der EU, die Probleme l\u00f6st und nicht vertagt und an den Au\u00dfengrenzen verschiebt. Ein kleiner Erfolg w\u00e4re es, wenn die hessische Landesregierung endlich das angek\u00fcndigte humanit\u00e4re Aufnahmeprogramm auflegt und das Bundesinnenministerium seine Blockadepolitik aufl\u00f6st, so der 28-j\u00e4hrige Kasseler. Mit dem Kasseler Bundestagsabgeordneten Timon Gremmels soll daher diskutiert werden, was die Bundesregierung und die EU unternehmen muss, um den Geflohenen in den Lagern eine menschenw\u00fcrdige Lebensperspektive zu geben.<\/p>\n\n\n\n<p><strong>Teilnahme an der Veranstaltung<\/strong><\/p>\n\n\n\n<p>Zur Teilnahme an der Veranstaltung bieten wir zwei M\u00f6glichkeiten an:<\/p>\n\n\n\n<p>1. Teilnahme an der Videokonferenz<\/p>\n\n\n\n<p>Wenn Sie direkt an der Diskussion teilnehmen wollen, k\u00f6nnen Sie der Videokonferenz \u00fcber folgende Zugangsdaten beitreten:<br><a href=\"https:\/\/hs-osnabrueck.zoom.us\/j\/92745013286?pwd=NDFObXU4bmo3KzlkL3plZVU5ci9wQT09\" target=\"_blank\" rel=\"noreferrer noopener\">https:\/\/hs-osnabrueck.zoom.us\/j\/92745013286?pwd=NDFObXU4bmo3KzlkL3plZVU5ci9wQT09<\/a><\/p>\n\n\n\n<p>Meeting-ID: 927 4501 3286<br>Kenncode: 305001<\/p>\n\n\n\n<p>Die Diskussion wird live bei YouTube gestreamt und ist dort sp\u00e4ter abrufbar. Wer nicht aufgezeichnet werden will, schalte bitte die Kamer aus, oder nutze bitte die zweite Teilnahmem\u00f6glichkeit:<\/p>\n\n\n\n<p>2. Zuschauen bei YouTube<\/p>\n\n\n\n<p>Die Veranstaltung wird live auf unserem <a href=\"https:\/\/www.youtube.com\/channel\/UCIYXp5xhUlSWcbQ0hhG5h8g\" target=\"_blank\" rel=\"noreferrer noopener\">YouTube-Channel<\/a> \u00fcbertragen. Kurz vor der Veranstaltung finden Sie dort den Link zum Livestream: <a href=\"https:\/\/www.youtube.com\/channel\/UCIYXp5xhUlSWcbQ0hhG5h8g\" target=\"_blank\" rel=\"noreferrer noopener\">https:\/\/www.youtube.com\/channel\/UCIYXp5xhUlSWcbQ0hhG5h8g<\/a> \u00dcber die Chat-Funktion k\u00f6nnen Sie sich an der Veranstaltung beteiligen.<\/p>\n","protected":false},"excerpt":{"rendered":"<p>Die katastrophale Situation in griechischen Fl\u00fcchtlingslagern, insbesondere Kara Tepe auf Lesbos, darf gerade in Pandemie Zeiten nicht aus dem Blick geraten. Neben klaren Forderungen&nbsp; zur weiteren Aufnahme Schutzbed\u00fcrftiger in der EU und der Unterst\u00fctzung von Appellen an die Politik wie z.B. dem \u00bbWeihnachtsappell\u00ab von 243 Abgeordneten an die Bundesregierung, m\u00f6chte die Europa Union Kassel aktuell [&hellip;]<\/p>\n","protected":false},"author":2,"featured_media":0,"comment_status":"closed","ping_status":"closed","sticky":false,"template":"","format":"standard","meta":{"footnotes":""},"categories":[30],"tags":[],"class_list":["post-1916","post","type-post","status-publish","format-standard","hentry","category-aktuelles"],"_links":{"self":[{"href":"https:\/\/kassel-ebb.eu\/de\/wp-json\/wp\/v2\/posts\/1916","targetHints":{"allow":["GET"]}}],"collection":[{"href":"https:\/\/kassel-ebb.eu\/de\/wp-json\/wp\/v2\/posts"}],"about":[{"href":"https:\/\/kassel-ebb.eu\/de\/wp-json\/wp\/v2\/types\/post"}],"author":[{"embeddable":true,"href":"https:\/\/kassel-ebb.eu\/de\/wp-json\/wp\/v2\/users\/2"}],"replies":[{"embeddable":true,"href":"https:\/\/kassel-ebb.eu\/de\/wp-json\/wp\/v2\/comments?post=1916"}],"version-history":[{"count":0,"href":"https:\/\/kassel-ebb.eu\/de\/wp-json\/wp\/v2\/posts\/1916\/revisions"}],"wp:attachment":[{"href":"https:\/\/kassel-ebb.eu\/de\/wp-json\/wp\/v2\/media?parent=1916"}],"wp:term":[{"taxonomy":"category","embeddable":true,"href":"https:\/\/kassel-ebb.eu\/de\/wp-json\/wp\/v2\/categories?post=1916"},{"taxonomy":"post_tag","embeddable":true,"href":"https:\/\/kassel-ebb.eu\/de\/wp-json\/wp\/v2\/tags?post=1916"}],"curies":[{"name":"wp","href":"https:\/\/api.w.org\/{rel}","templated":true}]}}