{"id":1880,"date":"2021-02-07T17:39:41","date_gmt":"2021-02-07T15:39:41","guid":{"rendered":"https:\/\/dev-eb2.abraxis-kassel.de\/?p=1880"},"modified":"2021-02-07T17:54:18","modified_gmt":"2021-02-07T15:54:18","slug":"internationaler-tag-der-solidaritat-mit-belarus-in-kassel-am-7-februar-2021","status":"publish","type":"post","link":"https:\/\/kassel-ebb.eu\/de\/2021\/02\/internationaler-tag-der-solidaritat-mit-belarus-in-kassel-am-7-februar-2021\/","title":{"rendered":"Internationaler Tag der Solidarit\u00e4t mit Belarus in Kassel am 7. Februar 2021"},"content":{"rendered":"\n<p>Eine gemeinsame Solidarit\u00e4tsbekundung mit Belarus<\/p>\n\n\n\n<ul class=\"wp-block-list\"><li>der Europa Union Kassel e.V.<\/li><li>des Deutsch-Polnischen B\u00fcrgerforums der Europa Union Kas-<br>sel<\/li><li>des Organisationsteams der Europ\u00e4ischen B\u00fcrgerbegegnung in<br>Kassel (EBB)<\/li><li>Pulse of Europe Kassel<\/li><\/ul>\n\n\n\n<p>Belarus geht uns ALLE an!<br>Allen voran, uns Europ\u00e4erinnen und Europ\u00e4er.<br>Seit einem halben Jahr findet im ganzen Land ein unerm\u00fcdlicher Kampf f\u00fcr freie Wahlen, Meinungsfreiheit und Menschenw\u00fcrde statt. Nach der gef\u00e4lschten Pr\u00e4sidentschaftswahl am 9. August 2020 rei\u00dfen die Proteste der belarussischen Bev\u00f6lkerung nicht ab. Weder die EU noch die Ukraine erkennen das manipulierte Wahlergebnis an.<br>Wir folgen daher nur zu gern dem Aufruf der oppositionellen Pr\u00e4sidentschaftskandidatin, Svetlana Tichanovskaja, zum Internationalen Tag der Solidarit\u00e4t mit Belarus.<br>Wir haben gro\u00dfen Respekt vor den Belarussinnen und Belarussen, die so friedlich und couragiert, Woche f\u00fcr Woche, f\u00fcr die Demokratie auf die Stra\u00dfe gehen. Wohlwissend, dass sie verpr\u00fcgelt, gefoltert, verhaftet oder gar des Landes verwiesen werden k\u00f6nnen. Wir sind entsetzt und fassungslos dar\u00fcber, dass dies in Europa m\u00f6glich ist. Es macht uns betroffen, zusehen zu m\u00fcssen, dass der Freiheitsdrang des belarussischen Volkes mit brutaler Gewalt zerschlagen werden soll. Umso mehr beeindruckt es uns, wenn Familien sogar mit Ihren Kindern an Demonstrationen teilnehmen, weil sie die Hoffnung an einen friedfertigen Sieg der Demokratie nicht aufgegeben wollen.<br>Wir d\u00fcrfen nicht tatenlos zusehen, wenn in einem europ\u00e4ischen Land friedliche Demonstranten, Regimekritiker und Oppositionelle gefoltert werden. Viele Aktivisten der Zivilgesellschaft wie Maria Kolesnikowa sitzen im Gef\u00e4ngnis unter dem Regime von Aleksander Lukaschenko. Sie alle verdienen unsere uneingeschr\u00e4nkte Aufmerksamkeit und unsere ungebrochene Solidarit\u00e4t.<br>Belarus geh\u00f6rt zu Europa und verdient \u2013heute mehr denn je- unser besonderes Interesse, wie jedes andere west-europ\u00e4ische Land. Nur so kann Europa zusammenwachsen.<br>&#8222;Warum schweigt Ihr? Wir h\u00f6ren nur seltene Stimmen der Unterst\u00fctzung (\u2026) Warum schweigt Ihr, wenn Ihr seht, dass ein kleines stolzes Volk getreten wird? Wir sind doch Eure Br\u00fcder.\u201c So klingt der Appel der belarussischen Literaturnobelpreistr\u00e4gerin Svetlana Aleksijevitsch an Intellektuelle in Russland. Diese Worte gelten in gewisser Weise auch uns zur Mahnung. Wir d\u00fcrfen nicht schweigen. <\/p>\n\n\n\n<p>Wir rufen daher jede und jeden dazu auf, ein Zeichen der Unterst\u00fctzung f\u00fcr diedemokratische Bewegung in Belarus zu setzen:<br>\u2022 Schreibe eine Postkarte an politische Gefangene des Regimes. F\u00fcr Tipps zur Umsetzung: <a href=\"https:\/\/razam.de\/postkarten-fuer-gefangene\/#Tipps\">https:\/\/razam.de\/postkarten-fuer-gefangene\/#Tipps<\/a><br>\u2022 Verfasse einen Beitrag in den sozialen Medien mit einem der folgenden Hashtags: #standwithbelarus, #BelarusSolidarity, #weStandBYy<br>\u2022 Oder schreibe direkt eine Postkarte an: Maryia Kalesnikova, IY \u201eTURMA #8g.Zbodino\u201c BELARUS 222160.Minskaya oblast, g. Zbodina, ul. Sovetskaya 22A<br>Wir verweisen au\u00dferdem auf die informative Internetseite <a href=\"https:\/\/rasam.de\">rasam.de<\/a>.<br>RAZAM e.V. (\u201egemeinsam\u201c) ist eine belarussische Gemeinschaft<br>mit dem Sitz in Berlin, die aus der l\u00e4nder\u00fcbergreifenden Solidarit\u00e4tsbewegung des Sommers 2020 hervorgegangen ist. Sie unterst\u00fctzt die Menschen in Belarus bei ihrem Streben nach freien Wahlen und einem Ende der staatlichen Gewalt. Hier findest Du Informationen zu aktuellen Aktionen, Ausstellungen und zur Geschichte<br>von Belarus.<\/p>\n","protected":false},"excerpt":{"rendered":"<p>Eine gemeinsame Solidarit\u00e4tsbekundung mit Belarus der Europa Union Kassel e.V. des Deutsch-Polnischen B\u00fcrgerforums der Europa Union Kas-sel des Organisationsteams der Europ\u00e4ischen B\u00fcrgerbegegnung inKassel (EBB) Pulse of Europe Kassel Belarus geht uns ALLE an!Allen voran, uns Europ\u00e4erinnen und Europ\u00e4er.Seit einem halben Jahr findet im ganzen Land ein unerm\u00fcdlicher Kampf f\u00fcr freie Wahlen, Meinungsfreiheit und Menschenw\u00fcrde statt. [&hellip;]<\/p>\n","protected":false},"author":2,"featured_media":0,"comment_status":"closed","ping_status":"closed","sticky":false,"template":"","format":"standard","meta":{"footnotes":""},"categories":[30],"tags":[],"class_list":["post-1880","post","type-post","status-publish","format-standard","hentry","category-aktuelles"],"_links":{"self":[{"href":"https:\/\/kassel-ebb.eu\/de\/wp-json\/wp\/v2\/posts\/1880","targetHints":{"allow":["GET"]}}],"collection":[{"href":"https:\/\/kassel-ebb.eu\/de\/wp-json\/wp\/v2\/posts"}],"about":[{"href":"https:\/\/kassel-ebb.eu\/de\/wp-json\/wp\/v2\/types\/post"}],"author":[{"embeddable":true,"href":"https:\/\/kassel-ebb.eu\/de\/wp-json\/wp\/v2\/users\/2"}],"replies":[{"embeddable":true,"href":"https:\/\/kassel-ebb.eu\/de\/wp-json\/wp\/v2\/comments?post=1880"}],"version-history":[{"count":0,"href":"https:\/\/kassel-ebb.eu\/de\/wp-json\/wp\/v2\/posts\/1880\/revisions"}],"wp:attachment":[{"href":"https:\/\/kassel-ebb.eu\/de\/wp-json\/wp\/v2\/media?parent=1880"}],"wp:term":[{"taxonomy":"category","embeddable":true,"href":"https:\/\/kassel-ebb.eu\/de\/wp-json\/wp\/v2\/categories?post=1880"},{"taxonomy":"post_tag","embeddable":true,"href":"https:\/\/kassel-ebb.eu\/de\/wp-json\/wp\/v2\/tags?post=1880"}],"curies":[{"name":"wp","href":"https:\/\/api.w.org\/{rel}","templated":true}]}}