{"id":1848,"date":"2021-01-07T15:30:10","date_gmt":"2021-01-07T13:30:10","guid":{"rendered":"https:\/\/dev-eb2.abraxis-kassel.de\/?p=1848"},"modified":"2021-01-31T22:07:35","modified_gmt":"2021-01-31T20:07:35","slug":"kommentar-des-vorsitzenden-der-europa-union-kassel-zu-den-ereignissen-in-den-usa","status":"publish","type":"post","link":"https:\/\/kassel-ebb.eu\/de\/2021\/01\/kommentar-des-vorsitzenden-der-europa-union-kassel-zu-den-ereignissen-in-den-usa\/","title":{"rendered":"Kommentar des Vorsitzenden der Europa-Union Kassel zu den Ereignissen in den USA"},"content":{"rendered":"\n<p>Liebe Europ\u00e4erinnen und Europ\u00e4er,<\/p>\n\n\n\n<p>ich melde mich wegen der widerw\u00e4rtigen St\u00fcrmungsversuche des rechtspopulistischen Mobs in den USA auf das Herz der \u00e4ltesten Demokratie der Welt, das Kapitol. Wir sind jetzt noch mehr aufgerufen, die <strong>Demokratie <\/strong>zu <strong>verteidigen<\/strong>, hier bei uns in Europa und Deutschland und weltweit. Wir d\u00fcrfen keinesfalls aufgeben und den Mut verlieren. Dazu gibt es auch \u00fcberhaupt keinen Grund.<\/p>\n\n\n\n<p>Denn gestern wurde in Georgia in den USA auch Demokratiegeschichte geschrieben. Mit <strong>Raphael Warnock <\/strong>hat zum ersten Mal in der Geschichte ein Afro-Amerikaner die Senatswahlen in Georgia gewonnen. Die Saat von Martin Luther King geht doch auf! Dies zeigt: Es geht voran, trotz aller Widerst\u00e4nde. Es gilt: Don`t watch the headlines but watch the trendlines!<\/p>\n\n\n\n<p>Wenn wir f\u00fcr die Freiheit k\u00e4mpfen, wird sie siegen. Es liegt an uns!<\/p>\n\n\n\n<p>Herzliche Gr\u00fc\u00dfe<br>Hermann Heu\u00dfner<\/p>\n\n\n\n<p>Vorsitzender der Europa-Union Kassel<\/p>\n\n\n\n<div class=\"wp-block-image\"><figure class=\"alignleft is-resized\"><img loading=\"lazy\" decoding=\"async\" src=\"https:\/\/www.europa-union-kassel.de\/fileadmin\/_processed_\/d\/b\/csm_IMG_0290_fa5657a680.jpg\" alt=\"\" width=\"356\" height=\"238\"\/><figcaption>Prof. Dr. Hermann Heu\u00dfner<\/figcaption><\/figure><\/div>\n","protected":false},"excerpt":{"rendered":"<p>Liebe Europ\u00e4erinnen und Europ\u00e4er, ich melde mich wegen der widerw\u00e4rtigen St\u00fcrmungsversuche des rechtspopulistischen Mobs in den USA auf das Herz der \u00e4ltesten Demokratie der Welt, das Kapitol. Wir sind jetzt noch mehr aufgerufen, die Demokratie zu verteidigen, hier bei uns in Europa und Deutschland und weltweit. Wir d\u00fcrfen keinesfalls aufgeben und den Mut verlieren. Dazu [&hellip;]<\/p>\n","protected":false},"author":2,"featured_media":0,"comment_status":"closed","ping_status":"closed","sticky":false,"template":"","format":"standard","meta":{"footnotes":""},"categories":[30],"tags":[],"class_list":["post-1848","post","type-post","status-publish","format-standard","hentry","category-aktuelles"],"_links":{"self":[{"href":"https:\/\/kassel-ebb.eu\/de\/wp-json\/wp\/v2\/posts\/1848","targetHints":{"allow":["GET"]}}],"collection":[{"href":"https:\/\/kassel-ebb.eu\/de\/wp-json\/wp\/v2\/posts"}],"about":[{"href":"https:\/\/kassel-ebb.eu\/de\/wp-json\/wp\/v2\/types\/post"}],"author":[{"embeddable":true,"href":"https:\/\/kassel-ebb.eu\/de\/wp-json\/wp\/v2\/users\/2"}],"replies":[{"embeddable":true,"href":"https:\/\/kassel-ebb.eu\/de\/wp-json\/wp\/v2\/comments?post=1848"}],"version-history":[{"count":0,"href":"https:\/\/kassel-ebb.eu\/de\/wp-json\/wp\/v2\/posts\/1848\/revisions"}],"wp:attachment":[{"href":"https:\/\/kassel-ebb.eu\/de\/wp-json\/wp\/v2\/media?parent=1848"}],"wp:term":[{"taxonomy":"category","embeddable":true,"href":"https:\/\/kassel-ebb.eu\/de\/wp-json\/wp\/v2\/categories?post=1848"},{"taxonomy":"post_tag","embeddable":true,"href":"https:\/\/kassel-ebb.eu\/de\/wp-json\/wp\/v2\/tags?post=1848"}],"curies":[{"name":"wp","href":"https:\/\/api.w.org\/{rel}","templated":true}]}}