{"id":1435,"date":"2020-06-14T10:59:02","date_gmt":"2020-06-14T08:59:02","guid":{"rendered":"https:\/\/dev-eb2.abraxis-kassel.de\/?p=1435"},"modified":"2021-01-31T22:07:35","modified_gmt":"2021-01-31T20:07:35","slug":"livetream-am-16-06-2020-19-uhr-zwischen-solidaritat-und-zwangsverschuldung","status":"publish","type":"post","link":"https:\/\/kassel-ebb.eu\/de\/2020\/06\/livetream-am-16-06-2020-19-uhr-zwischen-solidaritat-und-zwangsverschuldung\/","title":{"rendered":"Livestream am 16.06.2020 19 Uhr: Zwischen Solidarit\u00e4t und Zwangsverschuldung"},"content":{"rendered":"\n<h3 class=\"wp-block-heading\">Corona fordert die Europ\u00e4ische Union heraus!<\/h3>\n\n\n\n<p><a href=\"https:\/\/www.youtube.com\/channel\/UCIYXp5xhUlSWcbQ0hhG5h8g\">Link zur Live-\u00dcbertragung: https:\/\/www.youtube.com\/channel\/UCIYXp5xhUlSWcbQ0hhG5h8g<\/a><\/p>\n\n\n\n<p>Wir \u00fcbersetzen simultan ins Polnische und Englische. Wer eine \u00dcbersetzug ben\u00f6tigt, meldet sich bitte bei <a href=\"mailto:office@kassel-ebb.eu\">office@kassel-ebb.eu<\/a>. Wir schicken dir dann den Link zur zoom Konferenz zu.<\/p>\n\n\n\n<p>Regierungen und Kommission in der Europ\u00e4ischen Union ringen um die richtigen Ma\u00dfnahmen, um die \u00f6konomischen und sozialen Folgen der Corona-Pandemie abzumildern und die Europ\u00e4ische Union<br>durch nachhaltige Investitionsprogramme auch \u00f6kologisch und technologisch zukunftsf\u00e4hig zu machen.<br>Welche konkreten Ma\u00dfnahmen auch immer am Ende beschlossen werden, das daf\u00fcr notwendige Finanzvolumen ist gigantisch. Folglich muss auch die Frage nach der Finanzierung beantwortet werden \u2013 und das geht nicht im luftleeren Raum. Unterschiedliche Verschuldungsgrade, unterschiedliche Betroffenheit durch die Krise, unterschiedliche \u00f6konomische und soziale Strukturen sowie unterschiedliche Vorstellungen dar\u00fcber, was in dieser Situation \u00fcberhaupt \u201erichtig\u201c hei\u00dft, bilden die Steinchen, aus dem ein f\u00fcr alle zustimmungsf\u00e4higes Mosaik, die L\u00f6sung f\u00fcr Europa gestaltet werden muss.<\/p>\n","protected":false},"excerpt":{"rendered":"<p>Corona fordert die Europ\u00e4ische Union heraus! Link zur Live-\u00dcbertragung: https:\/\/www.youtube.com\/channel\/UCIYXp5xhUlSWcbQ0hhG5h8g Wir \u00fcbersetzen simultan ins Polnische und Englische. Wer eine \u00dcbersetzug ben\u00f6tigt, meldet sich bitte bei office@kassel-ebb.eu. Wir schicken dir dann den Link zur zoom Konferenz zu. Regierungen und Kommission in der Europ\u00e4ischen Union ringen um die richtigen Ma\u00dfnahmen, um die \u00f6konomischen und sozialen Folgen der [&hellip;]<\/p>\n","protected":false},"author":2,"featured_media":0,"comment_status":"closed","ping_status":"closed","sticky":false,"template":"","format":"standard","meta":{"footnotes":""},"categories":[30],"tags":[],"class_list":["post-1435","post","type-post","status-publish","format-standard","hentry","category-aktuelles"],"_links":{"self":[{"href":"https:\/\/kassel-ebb.eu\/de\/wp-json\/wp\/v2\/posts\/1435","targetHints":{"allow":["GET"]}}],"collection":[{"href":"https:\/\/kassel-ebb.eu\/de\/wp-json\/wp\/v2\/posts"}],"about":[{"href":"https:\/\/kassel-ebb.eu\/de\/wp-json\/wp\/v2\/types\/post"}],"author":[{"embeddable":true,"href":"https:\/\/kassel-ebb.eu\/de\/wp-json\/wp\/v2\/users\/2"}],"replies":[{"embeddable":true,"href":"https:\/\/kassel-ebb.eu\/de\/wp-json\/wp\/v2\/comments?post=1435"}],"version-history":[{"count":0,"href":"https:\/\/kassel-ebb.eu\/de\/wp-json\/wp\/v2\/posts\/1435\/revisions"}],"wp:attachment":[{"href":"https:\/\/kassel-ebb.eu\/de\/wp-json\/wp\/v2\/media?parent=1435"}],"wp:term":[{"taxonomy":"category","embeddable":true,"href":"https:\/\/kassel-ebb.eu\/de\/wp-json\/wp\/v2\/categories?post=1435"},{"taxonomy":"post_tag","embeddable":true,"href":"https:\/\/kassel-ebb.eu\/de\/wp-json\/wp\/v2\/tags?post=1435"}],"curies":[{"name":"wp","href":"https:\/\/api.w.org\/{rel}","templated":true}]}}