{"id":1403,"date":"2020-05-27T14:54:00","date_gmt":"2020-05-27T12:54:00","guid":{"rendered":"https:\/\/dev-eb2.abraxis-kassel.de\/?p=1403"},"modified":"2021-01-31T22:07:35","modified_gmt":"2021-01-31T20:07:35","slug":"quo-vadis-europaische-offentlichkeiten","status":"publish","type":"post","link":"https:\/\/kassel-ebb.eu\/de\/2020\/05\/quo-vadis-europaische-offentlichkeiten\/","title":{"rendered":"Quo vadis, Europ\u00e4ische \u00d6ffentlichkeit(en)?"},"content":{"rendered":"\n<p>Link zur Veranstaltung bei YouTube: <a href=\"https:\/\/www.youtube.com\/channel\/UCIYXp5xhUlSWcbQ0hhG5h8g\">Europa-Union Kassel<\/a><\/p>\n\n\n\n<p>Mit der Corona-Pandemie werden die alten Probleme der Europ\u00e4ischen Union sichtbarer und neue treten hinzu. Im Rahmen der Krisenbew\u00e4ltigung sprechen die Europ\u00e4er*innen nicht miteinander, sondern die nationalen \u00d6ffentlichkeiten wieder \u00fcbereinander. Heftig wird um die richtigen L\u00f6sungen f\u00fcr die Krise gerungen und es zeigt sich wieder einmal: Solidarit\u00e4t kann es nur durch gemeinsame Kommunikation und Austausch \u00fcber die nationalen \u00d6ffentlichkeiten hinaus geben. Doch wie steht es um die Europ\u00e4ische \u00d6ffentlichkeit und welche Ma\u00dfnahmen sollten ergriffen werden, um diese zu st\u00e4rken und zu etablieren? Gemeinsam mit Sven Simon (Mitglied des Europ\u00e4ischen Parlaments, stellv. Vorsitzender der Europa-Union Hessen) wollen wir m\u00f6gliche Ma\u00dfnahmen diskutieren und ausloten, was sich hinter dem Vorschlag der EU-Kommissionspr\u00e4sidentin Ursula von der Leyen zur Konferenz zur Zukunft Europas verbirgt. Ein Jahr nach der Wahl zum Europ\u00e4ischen Parlament gilt es zudem zu vermessen, welche Ziele die Parteien in Br\u00fcssel bereits erreicht haben und welche Ziele im Laufe der Legislaturperiode noch erreicht werden m\u00fcssen. Die Herausforderungen sind in allen Politikfeldern riesig und reichen vom New Green Deal, den Gefahren autorit\u00e4rer Regierungen, der Abwicklung des Brexit bis hin zur &#8222;Bombe, die das Bundesverfassungsgericht j\u00fcngst unter der Europ\u00e4ischen Rechtsordnung&#8220; (Financial Times vom 5. Mai 2020) platzierte.<\/p>\n\n\n\n<ul class=\"wp-block-list\"><li>Vortrag und Diskussion<\/li><li>ca. 90 Minuten<\/li><li>Referent: Prof. Dr. Sven Simon, Mitglied des Europ\u00e4ischen Parlaments, stellv. Vorsitzender der Europa-Union Hessen<\/li><li>Moderation: Lukas Kiepe, Europa-Union Kassel<\/li><li>Termin: 28.5.2020, 18.00 Uhr<\/li><li>in Kooperation mit: Europa-Union Kassel<\/li><\/ul>\n","protected":false},"excerpt":{"rendered":"<p>Link zur Veranstaltung bei YouTube: Europa-Union Kassel Mit der Corona-Pandemie werden die alten Probleme der Europ\u00e4ischen Union sichtbarer und neue treten hinzu. Im Rahmen der Krisenbew\u00e4ltigung sprechen die Europ\u00e4er*innen nicht miteinander, sondern die nationalen \u00d6ffentlichkeiten wieder \u00fcbereinander. Heftig wird um die richtigen L\u00f6sungen f\u00fcr die Krise gerungen und es zeigt sich wieder einmal: Solidarit\u00e4t kann [&hellip;]<\/p>\n","protected":false},"author":2,"featured_media":0,"comment_status":"closed","ping_status":"closed","sticky":false,"template":"","format":"standard","meta":{"footnotes":""},"categories":[30],"tags":[],"class_list":["post-1403","post","type-post","status-publish","format-standard","hentry","category-aktuelles"],"_links":{"self":[{"href":"https:\/\/kassel-ebb.eu\/de\/wp-json\/wp\/v2\/posts\/1403","targetHints":{"allow":["GET"]}}],"collection":[{"href":"https:\/\/kassel-ebb.eu\/de\/wp-json\/wp\/v2\/posts"}],"about":[{"href":"https:\/\/kassel-ebb.eu\/de\/wp-json\/wp\/v2\/types\/post"}],"author":[{"embeddable":true,"href":"https:\/\/kassel-ebb.eu\/de\/wp-json\/wp\/v2\/users\/2"}],"replies":[{"embeddable":true,"href":"https:\/\/kassel-ebb.eu\/de\/wp-json\/wp\/v2\/comments?post=1403"}],"version-history":[{"count":0,"href":"https:\/\/kassel-ebb.eu\/de\/wp-json\/wp\/v2\/posts\/1403\/revisions"}],"wp:attachment":[{"href":"https:\/\/kassel-ebb.eu\/de\/wp-json\/wp\/v2\/media?parent=1403"}],"wp:term":[{"taxonomy":"category","embeddable":true,"href":"https:\/\/kassel-ebb.eu\/de\/wp-json\/wp\/v2\/categories?post=1403"},{"taxonomy":"post_tag","embeddable":true,"href":"https:\/\/kassel-ebb.eu\/de\/wp-json\/wp\/v2\/tags?post=1403"}],"curies":[{"name":"wp","href":"https:\/\/api.w.org\/{rel}","templated":true}]}}