{"id":1330,"date":"2020-05-06T13:35:45","date_gmt":"2020-05-06T11:35:45","guid":{"rendered":"https:\/\/dev-eb2.abraxis-kassel.de\/?p=1330"},"modified":"2021-01-31T22:07:35","modified_gmt":"2021-01-31T20:07:35","slug":"digitaler-europatag-09-05-2020","status":"publish","type":"post","link":"https:\/\/kassel-ebb.eu\/de\/2020\/05\/digitaler-europatag-09-05-2020\/","title":{"rendered":"Digitaler Europatag 09.05.2020"},"content":{"rendered":"\n<p><strong>Die Corona-Krise hat Europa nach wie vor fest im Griff und stellt uns alle weiterhin vor gro\u00dfe Herausforderungen. Nur gemeinsam k\u00f6nnen wir sie bew\u00e4ltigen. <\/strong><\/p>\n\n\n\n<p>\u00dcber das WIE wollen wir gerne am 09.05.2020 um 17 Uhr zusammen mit G\u00e4sten aus Europa diskutieren. Der Ablauf ist wie folgt: <\/p>\n\n\n\n<ul class=\"wp-block-list\"><li><strong>Impulsvortrag,<\/strong> <strong>10 Min.: <\/strong>Prof. Dr. Hermann Heu\u00dfner (Vorsitzender Europa-Union Kassel, DE)<\/li><li><strong>Podiumsstellungnahmen, 40 Min. mit:<\/strong> <br><strong>Dr. Cedric Duchene-Lacroix<\/strong> (Vorsitzender Mouvement Europeen Haute Alsace, F); <br><strong>Anne-Elisabeth Bozon-Verduraz<\/strong> (City Organizer Pulse of Europe Grenoble, F);<br><strong>Dr. Marcin Gerwi<\/strong>n (Forum deliberative Demokratie, PL);<br><strong>Agnieszka Wielgosz<\/strong> (Lehrerin, Danzig, PL);<br><strong>Dr. Marcin Przybys<\/strong>z (Rechtsanwalt, Stettin, PL);<br><strong>Phil Jones<\/strong> (Pulse of Europe, UK).<\/li><li><strong>Publikumsdiskussion, 40 Min.<\/strong><\/li><\/ul>\n\n\n\n<p>Wir werden die zoom-Konferenz live auf <a href=\"https:\/\/www.youtube.com\/channel\/UCIYXp5xhUlSWcbQ0hhG5h8g\">YouTube<\/a> streamen, du kannst dich aber auch direkt an der zoom-Konferenz beteiligen. Schreib uns dazu eine E-Mail an <a href=\"mailto:office@kassel-ebb.eu\">office@kassel-ebb.eu<\/a>. Wir schicken dir dann die Zugangsadaten.<\/p>\n\n\n\n<p>Die Konferenzsprache ist Deutsch, aber wir \u00fcbersetzen simultan auf Englisch, Franz\u00f6sisch und Polnisch. Wer Interesse an einer \u00dcbersetzung hat, kann sich auch gerne an <a href=\"mailto:office@kassel-ebb.eu\">office@kassel-ebb.eu<\/a> wenden.<\/p>\n\n\n\n<p><strong>Wir freuen uns auf eine spannende Diskussion!<\/strong><\/p>\n","protected":false},"excerpt":{"rendered":"<p>Die Corona-Krise hat Europa nach wie vor fest im Griff und stellt uns alle weiterhin vor gro\u00dfe Herausforderungen. Nur gemeinsam k\u00f6nnen wir sie bew\u00e4ltigen. \u00dcber das WIE wollen wir gerne am 09.05.2020 um 17 Uhr zusammen mit G\u00e4sten aus Europa diskutieren. Der Ablauf ist wie folgt: Impulsvortrag, 10 Min.: Prof. Dr. Hermann Heu\u00dfner (Vorsitzender Europa-Union [&hellip;]<\/p>\n","protected":false},"author":2,"featured_media":0,"comment_status":"closed","ping_status":"closed","sticky":false,"template":"","format":"standard","meta":{"footnotes":""},"categories":[30],"tags":[],"class_list":["post-1330","post","type-post","status-publish","format-standard","hentry","category-aktuelles"],"_links":{"self":[{"href":"https:\/\/kassel-ebb.eu\/de\/wp-json\/wp\/v2\/posts\/1330","targetHints":{"allow":["GET"]}}],"collection":[{"href":"https:\/\/kassel-ebb.eu\/de\/wp-json\/wp\/v2\/posts"}],"about":[{"href":"https:\/\/kassel-ebb.eu\/de\/wp-json\/wp\/v2\/types\/post"}],"author":[{"embeddable":true,"href":"https:\/\/kassel-ebb.eu\/de\/wp-json\/wp\/v2\/users\/2"}],"replies":[{"embeddable":true,"href":"https:\/\/kassel-ebb.eu\/de\/wp-json\/wp\/v2\/comments?post=1330"}],"version-history":[{"count":0,"href":"https:\/\/kassel-ebb.eu\/de\/wp-json\/wp\/v2\/posts\/1330\/revisions"}],"wp:attachment":[{"href":"https:\/\/kassel-ebb.eu\/de\/wp-json\/wp\/v2\/media?parent=1330"}],"wp:term":[{"taxonomy":"category","embeddable":true,"href":"https:\/\/kassel-ebb.eu\/de\/wp-json\/wp\/v2\/categories?post=1330"},{"taxonomy":"post_tag","embeddable":true,"href":"https:\/\/kassel-ebb.eu\/de\/wp-json\/wp\/v2\/tags?post=1330"}],"curies":[{"name":"wp","href":"https:\/\/api.w.org\/{rel}","templated":true}]}}